{"id":3912,"date":"2019-12-21T18:02:53","date_gmt":"2019-12-21T17:02:53","guid":{"rendered":"https:\/\/www.bs-conseils.fr\/?p=3912"},"modified":"2019-12-21T18:02:58","modified_gmt":"2019-12-21T17:02:58","slug":"bruno-sanlaville-ou-la-passion-de-la-logistique-du-dernier-kilometre","status":"publish","type":"post","link":"https:\/\/www.bs-conseils.fr\/index.php\/2019\/12\/21\/bruno-sanlaville-ou-la-passion-de-la-logistique-du-dernier-kilometre\/","title":{"rendered":"Bruno Sanlaville, ou la passion de la logistique du dernier kilom\u00e8tre"},"content":{"rendered":"\n<blockquote class=\"wp-block-quote is-layout-flow wp-block-quote-is-layout-flow\"><p>Interview de Bruno Sanlaville publi\u00e9 le 11 d\u00e9cembre 2019 dans le blog <strong><a href=\"https:\/\/blog.raja.fr\/\" target=\"_blank\" rel=\"noreferrer noopener\" aria-label=\"RAJA (s\u2019ouvre dans un nouvel onglet)\">RAJA<\/a><\/strong> <\/p><cite><a href=\"https:\/\/blog.raja.fr\/logistique-dernier-kilometre-vert-chez-vous\">https:\/\/blog.raja.fr\/logistique-dernier-kilometre-vert-chez-vous<\/a><\/cite><\/blockquote>\n\n\n\n<p>Dans l\u2019exp\u00e9rience client, le sujet de la logistique du dernier kilom\u00e8tre s\u2019av\u00e8re \u00eatre un point-cl\u00e9. Comment faire se rejoindre chauffeur et destinataire final, dans les meilleures conditions, pour l\u2019un comme pour l\u2019autre ?<\/p>\n\n\n\n<div class=\"wp-block-group\"><div class=\"wp-block-group__inner-container is-layout-flow wp-block-group-is-layout-flow\">\n<p>Nous (l&rsquo;\u00e9quipe RAJA) avons interview\u00e9\u00a0<strong><a href=\"https:\/\/www.linkedin.com\/in\/brunosanlaville\/?locale=fr_FR\" target=\"_blank\" rel=\"noreferrer noopener\" aria-label=\" (s\u2019ouvre dans un nouvel onglet)\">Bruno Sanlaville<\/a>, directeur d\u2019activit\u00e9 de distribution urbaine du groupe Labatut, au travers de l\u2019entit\u00e9\u00a0<a rel=\"noreferrer noopener\" href=\"https:\/\/www.vertchezvous.com\/\" target=\"_blank\">Vert Chez Vous<\/a><\/strong>. Il nous a partag\u00e9 sa vision de la logistique du dernier kilom\u00e8tre, nous dessinant ainsi un avenir plus \u00e9co-responsable de la livraison BtoBtoC.<\/p>\n<\/div><\/div>\n\n\n\n<figure class=\"wp-block-image\"><img data-recalc-dims=\"1\" decoding=\"async\" src=\"https:\/\/i0.wp.com\/blog.raja.fr\/hs-fs\/hubfs\/logistique-dernier-kilometre-bruno-sanlaville.jpg?w=848&#038;ssl=1\" alt=\"Un interview inspirante sur la logistique du dernier kilom\u00e8tre, orient\u00e9e \u00e9co-responsabilit\u00e9\"\/><\/figure>\n\n\n\n<h3 class=\"wp-block-heading\">Bruno, depuis combien de temps travaillez-vous dans le secteur du transport ?<\/h3>\n\n\n\n<p>\u00ab\u00a0&#8230;.Cela fait plus de 20 ans que je travaille dans le secteur du transport. J\u2019ai commenc\u00e9 mon parcours dans ce secteur chez JET SERVICES une soci\u00e9t\u00e9 lyonnaise \u00e0 dimension nationale et internationale. Cette entreprise a \u00e9t\u00e9 rachet\u00e9e par TNT Express, qui a elle-m\u00eame \u00e9t\u00e9 rachet\u00e9e par FEDEX, entreprise que j\u2019ai finalement quitt\u00e9e fin 2016 pour cr\u00e9er ma propre structure de conseils sp\u00e9cialis\u00e9e sur les livraisons du dernier kilom\u00e8tre dans le e-commerce et le retail&#8230;\u00a0\u00bb<\/p>\n\n\n\n<hr class=\"wp-block-separator\"\/>\n\n\n\n<h3 class=\"wp-block-heading\">Vous destiniez-vous \u00e0 un tel parcours dans le transport ?<\/h3>\n\n\n\n<p>\u00ab\u00a0&#8230;Pas du tout. J\u2019ai \u00e0 l\u2019origine fait mes \u00e9tudes en \u00e9cole de commerce, avec une orientation dans le marketing et la finance. De 1997 \u00e0 2003, j\u2019ai d\u2019ailleurs beaucoup travaill\u00e9 sur la partie marketing et communication du transport BtoB, de la\u00a0<a rel=\"noreferrer noopener\" href=\"https:\/\/blog.raja.fr\/optimiser-poids-volume-emballages\" target=\"_blank\">livraison express<\/a>\u00a0BtoB.\u00a0<br><br>Ayant fait le tour de la question, en 2003, j\u2019ai constat\u00e9 qu\u2019un \u00e9l\u00e9ment \u00e9tait apparu, qui allait avoir <strong><em>un immense potentiel : le e-commerce<\/em>&#8230;\u00a0\u00bb<\/strong><\/p>\n\n\n\n<hr class=\"wp-block-separator\"\/>\n\n\n\n<h3 class=\"wp-block-heading\">Pourquoi vous \u00eatre focalis\u00e9 aussi t\u00f4t sur le e-commerce dans votre parcours ?<\/h3>\n\n\n\n<p>\u00ab\u00a0&#8230;A l\u2019\u00e9poque, le march\u00e9 \u00e9tait en train de se structurer avec de tous petits acteurs, qui sont d\u00e9sormais devenus g\u00e9ants : CDiscount sur Bordeaux, LDLC sur Lyon, ou Amazon\u2026 Or, j\u2019avais bien senti que le march\u00e9 du e-commerce et du BtoBtoC pouvait \u00eatre un vrai relai de croissance, u<em><strong>n nouveau territoire \u00e0 explorer pour des transporteurs <\/strong><\/em>tr\u00e8s sp\u00e9cialis\u00e9s en BtoB.\u00a0<br><br><em><strong>Il s\u2019agissait d\u2019un challenge<\/strong><\/em> puisque, pour ces transporteurs BtoB, la livraison en BtoBtoC ne demande pas du tout les m\u00eames process de livraison et peut \u00eatre destructeur de valeur si mal op\u00e9r\u00e9. On ne livre pas un particulier comme on livre une entreprise ! De 2003 \u00e0 2008, notre activit\u00e9 devait m\u00fbrir, trouver la meilleure fa\u00e7on d\u2019adresser nos clients. <strong><em>C\u2019\u00e9tait fascinant<\/em><\/strong>&#8230;\u00a0\u00bb<\/p>\n\n\n\n<hr class=\"wp-block-separator\"\/>\n\n\n\n<h3 class=\"wp-block-heading\">D\u2019o\u00f9 votre int\u00e9r\u00eat pour la logistique du dernier kilom\u00e8tre ?<\/h3>\n\n\n\n<p>\u00ab\u00a0&#8230;Tout \u00e0 fait. L\u2019objectif est de faire se rencontrer le livreur et le destinataire qui, en tant que particulier, n\u2019est pas forc\u00e9ment chez lui quand on vient taper \u00e0 sa porte. D\u00e8s 2003, <strong><em>j\u2019ai eu la chance d\u2019\u00eatre au coeur d\u2019id\u00e9es r\u00e9volutionnaires <\/em><\/strong>: l\u2019ancienne dirigeante de TNT <em>(<a href=\"https:\/\/www.linkedin.com\/in\/marie-christine-lombard-70993766\/\">Marie-Christine Lombard<\/a>)<\/em> d\u2019alors avait d\u00e9j\u00e0 sign\u00e9 un partenariat avec un point de r\u00e9seau de proximit\u00e9, Relai Colis, pour g\u00e9rer les non-livraisons. Tr\u00e8s visionnaire elle avait d\u00e9j\u00e0 anticip\u00e9 l&rsquo;int\u00e9r\u00eat de ce march\u00e9 et le d\u00e9veloppement du secteur.<br><br>Toute cette p\u00e9riode \u00e9tait v\u00e9ritablement exploratoire, avec la mise en place de tests pour essayer de trouver les meilleures solutions de livraison. Fallait-il proposer une livraison \u00e0 domicile, mais se repr\u00e9senter \u00e0 la porte du destinataire le lendemain, en cas d\u2019instance ? Ou bien proposer le d\u00e9p\u00f4t du colis en point-relai ? Toutes ces questions paraissent aujourd\u2019hui couler de source ; mais, \u00e0 l\u2019\u00e9poque, c\u2019\u00e9tait une probl\u00e9matique tr\u00e8s neuve, tr\u00e8s exp\u00e9rimentale&#8230;\u00a0\u00bb<\/p>\n\n\n\n<hr class=\"wp-block-separator\"\/>\n\n\n\n<h3 class=\"wp-block-heading\">Quand avez-vous senti que le march\u00e9 de la logistique du dernier kilom\u00e8tre se professionnalisait vraiment ?<\/h3>\n\n\n\n<p>\u00ab\u00a0&#8230;En 2007, le march\u00e9 \u00e9tait v\u00e9ritablement mont\u00e9 en maturit\u00e9. Les acteurs du transport comme les sites e-commerce se structuraient, se professionnalisaient en termes de transport et de suivi des flux num\u00e9riques.\u00a0<br><br>Il faut comprendre que, lorsque l\u2019on livre des particuliers, les flux digitaux sont tout aussi importants que les flux physiques. On doit ma\u00eetriser la tra\u00e7abilit\u00e9 des colis, la restitution de ce tracking, l\u2019avisage client (par email ou SMS)&#8230; Et c\u2019est bien vers 2007 que l\u2019on a commenc\u00e9 \u00e0 r\u00e9ellement ma\u00eetriser tout ceci.<br><br>Mais un autre d\u00e9fi arrive dans les ann\u00e9es 2008 \/ 2009 : le destinataire final ne souhaite plus subir son transport, mais en \u00eatre acteur. Il veut choisir le d\u00e9p\u00f4t de son colis en point-relai, juste avant d\u2019\u00eatre livr\u00e9 ; ou bien choisir ses horaires de livraison \u00e0 domicile. Le transport du dernier kilom\u00e8tre se complexifie alors encore, pour donner la capacit\u00e9 au destinataire d\u2019agir sur sa livraison&#8230;\u00a0\u00bb<\/p>\n\n\n\n<hr class=\"wp-block-separator\"\/>\n\n\n\n<h3 class=\"wp-block-heading\">Pourquoi avoir lanc\u00e9 votre propre activit\u00e9 de conseil dans le transport ?<\/h3>\n\n\n\n<p>\u00ab\u00a0&#8230;Apr\u00e8s avoir quitt\u00e9 FEDEX, j\u2019ai effectivement cr\u00e9\u00e9 une entreprise de conseil, qui permet d\u2019appr\u00e9hender la logistique et la livraison du dernier kilom\u00e8tre. C\u2019\u00e9tait une \u00e9vidence, car je me suis toujours focalis\u00e9 sur cette probl\u00e9matique : comment se mettre en capacit\u00e9 de livrer au mieux le destinataire final ?<br><br>A partir de 2015, on voyait appara\u00eetre des acteurs du retail qui voulait \u00e9galement s\u2019y mettre, pour affronter la comp\u00e9tition des Amazon et autre CDiscount. Ca a \u00e9t\u00e9 un \u00e9l\u00e9ment d\u00e9clencheur, que de vouloir aider ces retailers \u00e0 entrer dans le monde des e-commer\u00e7ants&#8230;\u00a0\u00bb<\/p>\n\n\n\n<hr class=\"wp-block-separator\"\/>\n\n\n\n<h3 class=\"wp-block-heading\">En quoi le monde du transport et de la logistique vous inspire-t-il ?<\/h3>\n\n\n\n<p>\u00ab\u00a0&#8230;A l\u2019origine, <em><strong>j\u2019avais r\u00e9ellement envie de participer \u00e0 la construction d\u2019un nouvel \u00e9cosyst\u00e8me<\/strong><\/em>, de suivre un march\u00e9 en perp\u00e9tuelle \u00e9volution : celui du dernier kilom\u00e8tre. C\u2019est bien plus qu\u2019une question d\u2019acheminement : c\u2019est v\u00e9ritablement la question de savoir comment je fais pour livrer le dernier kilom\u00e8tre, \u00e0 partir de l\u2019agence de distribution. Et <em><strong>c\u2019est inspirant<\/strong><\/em>.\u00a0<br><br>Mais j\u2019ai \u00e9galement rencontr\u00e9 des gens fantastiques, qui ont flair\u00e9 l\u2019opportunit\u00e9 du e-commerce et m\u2019ont \u00e9galement inspir\u00e9. Les gros acteurs de l\u2019\u00e9poque, comme Amazon, Ventes Priv\u00e9es, BazarChic\u2026 qui sont pass\u00e9s du garage \u00e0 la multinationale :<strong><em> voil\u00e0 qui a de quoi inspirer<\/em><\/strong>&#8230;\u00a0\u00bb<\/p>\n\n\n\n<figure class=\"wp-block-embed-twitter wp-block-embed is-type-rich is-provider-twitter\"><div class=\"wp-block-embed__wrapper\">\n<blockquote class=\"twitter-tweet\" data-width=\"550\" data-dnt=\"true\"><p lang=\"fr\" dir=\"ltr\">\u274c On d\u00e9couvre que la livraison a un co\u00fbt !! <a href=\"https:\/\/twitter.com\/hashtag\/Amazon?src=hash&amp;ref_src=twsrc%5Etfw\">#Amazon<\/a> coul\u00e9 par ses co\u00fbts de livraisons. Le co\u00fbt du programme de livraison d&#39;un jour, atteindra 1,5 milliard $ pendant la p\u00e9riode des F\u00eates afin d&#39;acc\u00e9l\u00e9rer la livraison gratuite <a href=\"https:\/\/twitter.com\/hashtag\/prime?src=hash&amp;ref_src=twsrc%5Etfw\">#prime<\/a> <a href=\"https:\/\/twitter.com\/hashtag\/livraison?src=hash&amp;ref_src=twsrc%5Etfw\">#livraison<\/a> <a href=\"https:\/\/twitter.com\/hashtag\/oneday?src=hash&amp;ref_src=twsrc%5Etfw\">#oneday<\/a> <a href=\"https:\/\/t.co\/O6XhJNXypH\">https:\/\/t.co\/O6XhJNXypH<\/a><\/p>&mdash; Bruno Sanlaville \ud83d\uded2\ud83d\udce6\ud83c\udf3f (@brunosanlaville) <a href=\"https:\/\/twitter.com\/brunosanlaville\/status\/1188406676661133312?ref_src=twsrc%5Etfw\">October 27, 2019<\/a><\/blockquote><script async src=\"https:\/\/platform.twitter.com\/widgets.js\" charset=\"utf-8\"><\/script>\n<\/div><\/figure>\n\n\n\n<hr class=\"wp-block-separator\"\/>\n\n\n\n<h3 class=\"wp-block-heading\">Et qu&rsquo;est-ce qui vous donne envie de continuer sur cette voie aujourd&rsquo;hui ?<\/h3>\n\n\n\n<p>\u00ab\u00a0&#8230;E-commerce, retail\u2026 toutes ces questions sont d\u00e9sormais assez basiques, en termes de logistique du dernier kilom\u00e8tre. Mais une tendance de fond s\u2019affirme de plus en plus aujourd\u2019hui, qui me pousse \u00e0 continuer dans ce monde :\u00a0<a rel=\"noreferrer noopener\" href=\"https:\/\/blog.raja.fr\/emballages-eco-responsables\" target=\"_blank\">l\u2019\u00e9co-responsabilit\u00e9<\/a>.\u00a0<br><br>On touche d\u00e9sormais \u00e0 des pouvoirs de d\u00e9cision invers\u00e9s. Jusqu\u2019alors, les industriels imposaient un certain nombre de choses aux parties prenantes du transport. D\u00e9sormais, les consommateurs ont une certaine responsabilit\u00e9 dans leur consommation, et veulent \u201cmieux acheter\u201d.\u00a0<br><br>En somme, le mod\u00e8le du dernier kilom\u00e8tre est \u00e0 changer. Quand les destinataires finaux sont dans des zones urbaines, avec des grands noeuds de concentration de v\u00e9hicules, on n\u2019est plus en capacit\u00e9 de garantir le m\u00eame mode d\u2019organisation de la livraison qu\u2019avant. <strong><em>Le challenge est tr\u00e9pidant<\/em><\/strong> : quelle r\u00e9ponse \u00e9co-responsable offrir pour le dernier kilom\u00e8tre ? Comment responsabiliser les donneurs d\u2019ordre comme les consommateurs ? C\u2019est ce qui me motive \u00e0 continuer aujourd\u2019hui&#8230;\u00a0\u00bb<br><br><\/p>\n\n\n\n<figure class=\"wp-block-embed-twitter wp-block-embed is-type-rich is-provider-twitter\"><div class=\"wp-block-embed__wrapper\">\n<blockquote class=\"twitter-tweet\" data-width=\"550\" data-dnt=\"true\"><p lang=\"fr\" dir=\"ltr\">Les grossistes alertent sur les livraisons, de plus en plus difficiles <a href=\"https:\/\/t.co\/fjyJD27ZyX\">https:\/\/t.co\/fjyJD27ZyX<\/a>\ud83c\udfafUne belle opportunit\u00e9 de convergence et de massification pour d\u00e9couvrir un acteur de la <a href=\"https:\/\/twitter.com\/hashtag\/logistique?src=hash&amp;ref_src=twsrc%5Etfw\">#logistique<\/a> <a href=\"https:\/\/twitter.com\/hashtag\/urbaine?src=hash&amp;ref_src=twsrc%5Etfw\">#urbaine<\/a> \u00e9co-responsable comme <a href=\"https:\/\/twitter.com\/VertchezVous?ref_src=twsrc%5Etfw\">@VertchezVous<\/a> \ud83d\udce6\ud83c\udf3f\ud83d\ude9b<a href=\"https:\/\/twitter.com\/hashtag\/Livraison?src=hash&amp;ref_src=twsrc%5Etfw\">#Livraison<\/a> <a href=\"https:\/\/twitter.com\/hashtag\/DernierKM?src=hash&amp;ref_src=twsrc%5Etfw\">#DernierKM<\/a> <a href=\"https:\/\/twitter.com\/hashtag\/ELU?src=hash&amp;ref_src=twsrc%5Etfw\">#ELU<\/a> <a href=\"https:\/\/twitter.com\/hashtag\/green?src=hash&amp;ref_src=twsrc%5Etfw\">#green<\/a><\/p>&mdash; Bruno Sanlaville \ud83d\uded2\ud83d\udce6\ud83c\udf3f (@brunosanlaville) <a href=\"https:\/\/twitter.com\/brunosanlaville\/status\/1199806067229757447?ref_src=twsrc%5Etfw\">November 27, 2019<\/a><\/blockquote><script async src=\"https:\/\/platform.twitter.com\/widgets.js\" charset=\"utf-8\"><\/script>\n<\/div><\/figure>\n\n\n\n<hr class=\"wp-block-separator\"\/>\n\n\n\n<h3 class=\"wp-block-heading\">Parlez-nous de Vert Chez Vous, dont vous avez pris la direction ?<\/h3>\n\n\n\n<p>\u00ab\u00a0&#8230;<strong><a href=\"https:\/\/www.vertchezvous.com\/\">Vert Chez Vous<\/a><\/strong> est loin d\u2019\u00eatre un nouvel acteur de la logistique du dernier kilom\u00e8tre, puisque l\u2019entreprise existe depuis 2011. Le groupe Labatut, dont l\u2019entreprise fait partie, a pour ADN de trouver des solutions pour livrer de la meilleure mani\u00e8re que ce soit. La preuve : d\u00e8s 2013, ils avaient d\u00e9j\u00e0 mis en place une p\u00e9niche associ\u00e9e \u00e0 une flotte de v\u00e9los cargos pour livrer dans Paris intra-muros. La m\u00e9thode n\u2019\u00e9tait pas industrialisable, et l\u2019opinion publique comme les donneurs d\u2019ordre n\u2019\u00e9taient pas pr\u00eats \u00e0 cette \u00e9volution\u2026 mais c\u2019\u00e9tait fascinant d\u00e9j\u00e0 \u00e0 l\u2019\u00e9poque.\u00a0<br><br>Au fur et \u00e0 mesure, <a href=\"https:\/\/www.vertchezvous.com\/\"><strong>Vert Chez Vous<\/strong><\/a> s\u2019est structur\u00e9. Nous proposons \u00e0 la fois une activit\u00e9 BtoB d\u2019approvisionnement de magasin, et une activit\u00e9 BtoBtoC, avec une cr\u00e9ation de valeur sur le point de livraison (installation ou mise en service du produit livr\u00e9, r\u00e9cup\u00e9ration d\u2019emballage, d\u00e9palettisation\u2026)&#8230;\u00a0\u00bb<\/p>\n\n\n\n<figure class=\"wp-block-embed-twitter wp-block-embed is-type-rich is-provider-twitter\"><div class=\"wp-block-embed__wrapper\">\n<blockquote class=\"twitter-tweet\" data-width=\"550\" data-dnt=\"true\"><p lang=\"fr\" dir=\"ltr\">\ud83c\udf99\u00abChez <a href=\"https:\/\/twitter.com\/VertchezVous?ref_src=twsrc%5Etfw\">@VertchezVous<\/a> l\u2019energie qui pollue le moins est encore celle que l\u2019on ne consomme pas ou mieux ! C\u2019est pour cela que notre flotte de v\u00e9hicules est exclusivement constitu\u00e9e de v\u00e9hicules \u00e0 moteur \u00e9lectrique ou au GNV\u00bb <a href=\"https:\/\/twitter.com\/hashtag\/livraisonUrbaine?src=hash&amp;ref_src=twsrc%5Etfw\">#livraisonUrbaine<\/a> <a href=\"https:\/\/twitter.com\/hashtag\/DernierKM?src=hash&amp;ref_src=twsrc%5Etfw\">#DernierKM<\/a> <a href=\"https:\/\/twitter.com\/hashtag\/dernierKM?src=hash&amp;ref_src=twsrc%5Etfw\">#dernierKM<\/a> \ud83d\uded2\ud83c\udf3f\ud83d\udce6 <a href=\"https:\/\/t.co\/KBVwsJH9Oo\">pic.twitter.com\/KBVwsJH9Oo<\/a><\/p>&mdash; Bruno Sanlaville \ud83d\uded2\ud83d\udce6\ud83c\udf3f (@brunosanlaville) <a href=\"https:\/\/twitter.com\/brunosanlaville\/status\/1177914248531447808?ref_src=twsrc%5Etfw\">September 28, 2019<\/a><\/blockquote><script async src=\"https:\/\/platform.twitter.com\/widgets.js\" charset=\"utf-8\"><\/script>\n<\/div><\/figure>\n\n\n\n<p>\u00ab\u00a0&#8230;Nous sommes pr\u00e9sents \u00e0 Paris, Toulouse, Bordeaux, Lyon, et bient\u00f4t Marseille. Notre objectif est d\u2019appr\u00e9hender l\u2019approche de la livraison en ville en v\u00e9hicule propre, que ce soient des v\u00e9hicules \u00e9lectriques ou fonctionnant au GNV (gaz naturel)&#8230;\u00a0\u00bb<\/p>\n\n\n\n<hr class=\"wp-block-separator\"\/>\n\n\n\n<h3 class=\"wp-block-heading\">Quelle est la place de la technologie, selon vous, dans l\u2019\u00e9co-responsabilit\u00e9 du secteur du transport ?<\/h3>\n\n\n\n<p>\u00ab\u00a0&#8230;Les nouvelles technologies vont directement avoir un impact sur l\u2019optimisation, sur l\u2019organisation des livraison.<\/p>\n\n\n\n<p><strong>L&rsquo;\u00e9nergie qui pollue le moins est encore celle qu\u2019on ne consomme pas !<\/strong><\/p>\n\n\n\n<p>Les nouvelles technologies apportent une v\u00e9ritable dimension \u00e9co-responsable \u00e0 notre activit\u00e9. Elles permettent de :<\/p>\n\n\n\n<ol class=\"wp-block-list\"><li>Optimiser les tourn\u00e9es de livraison pour <strong>r\u00e9duire le nombre de kilom\u00e8tres parcourus et le nombre d\u2019\u00e9missions de CO2<\/strong><\/li><li>Optimiser le contenu du camion, pour inclure plus de commandes sur une tourn\u00e9e, et donc <strong>r\u00e9duire le nombre de v\u00e9hicules sur la route<\/strong><\/li><li>Anticiper, \u00eatre proactif sur la livraison, pour faire se rejoindre chauffeur et destinataire pour <strong>livrer en premi\u00e8re intention<\/strong>.<\/li><li><strong>Augmenter l&rsquo;Experience client<\/strong>, \u00eatre dans l\u2019instantan\u00e9it\u00e9, avec une communication personnalis\u00e9es et r\u00e9currente o\u00f9 le client peut voir le v\u00e9hicule arriver vers son magasin ou son domicile (g\u00e9ofen\u00e7ing) et le cas \u00e9ch\u00e9ant communiquer avec\u2026<\/li><\/ol>\n\n\n\n<p>La logistique du dernier kilom\u00e8tre doit absolument digitaliser son offre et son organisation, pour viser un transport plus \u00e9co-responsable&#8230;\u00a0\u00bb<\/p>\n\n\n\n<hr class=\"wp-block-separator\"\/>\n\n\n\n<p>source : <a href=\"https:\/\/blog.raja.fr\/logistique-dernier-kilometre-vert-chez-vous\">https:\/\/blog.raja.fr\/logistique-dernier-kilometre-vert-chez-vous<\/a><\/p>\n","protected":false},"excerpt":{"rendered":"<p>Bruno Sanlaville, ou la passion de la logistique du dernier kilom\u00e8tre. Parcours professionnel d&rsquo;un sp\u00e9cialiste de la livraison du dernier kilom\u00e8tre.<\/p>\n","protected":false},"author":1,"featured_media":3930,"comment_status":"open","ping_status":"open","sticky":false,"template":"","format":"standard","meta":{"content-type":"","jetpack_post_was_ever_published":false,"_jetpack_newsletter_access":"","_jetpack_dont_email_post_to_subs":false,"_jetpack_newsletter_tier_id":0,"_jetpack_memberships_contains_paywalled_content":false,"_jetpack_memberships_contains_paid_content":false,"_joinchat":[],"footnotes":"","jetpack_publicize_message":"","jetpack_publicize_feature_enabled":true,"jetpack_social_post_already_shared":true,"jetpack_social_options":{"image_generator_settings":{"template":"highway","default_image_id":0,"font":"","enabled":false},"version":2}},"categories":[7,4,109,6,120,105,24],"tags":[142],"class_list":["post-3912","post","type-post","status-publish","format-standard","has-post-thumbnail","hentry","category-actualite","category-e-commerce","category-ecologie","category-livraison-urbaine","category-omnicanal","category-retail","category-transport","tag-bruno-sanlaville"],"yoast_head":"<!-- This site is optimized with the Yoast SEO plugin v24.9 - https:\/\/yoast.com\/wordpress\/plugins\/seo\/ -->\n<title>Bruno Sanlaville, ou la passion de la logistique du dernier kilom\u00e8tre - BUSINESS STRAT\u00c9GIE CONSEILS<\/title>\n<meta name=\"description\" content=\"Bruno Sanlaville, ou la passion de la logistique du dernier kilom\u00e8tre. Parcours professionnel d&#039;un sp\u00e9cialiste de la livraison e-commerce et retail.\" \/>\n<meta name=\"robots\" content=\"index, follow, max-snippet:-1, max-image-preview:large, max-video-preview:-1\" \/>\n<link rel=\"canonical\" href=\"https:\/\/www.bs-conseils.fr\/index.php\/2019\/12\/21\/bruno-sanlaville-ou-la-passion-de-la-logistique-du-dernier-kilometre\/\" \/>\n<meta property=\"og:locale\" content=\"fr_FR\" \/>\n<meta property=\"og:type\" content=\"article\" \/>\n<meta property=\"og:title\" content=\"Bruno Sanlaville, ou la passion de la logistique du dernier kilom\u00e8tre - BUSINESS STRAT\u00c9GIE CONSEILS\" \/>\n<meta property=\"og:description\" content=\"Bruno Sanlaville, ou la passion de la logistique du dernier kilom\u00e8tre. Parcours professionnel d&#039;un sp\u00e9cialiste de la livraison e-commerce et retail.\" \/>\n<meta property=\"og:url\" content=\"https:\/\/www.bs-conseils.fr\/index.php\/2019\/12\/21\/bruno-sanlaville-ou-la-passion-de-la-logistique-du-dernier-kilometre\/\" \/>\n<meta property=\"og:site_name\" content=\"BUSINESS STRAT\u00c9GIE CONSEILS\" \/>\n<meta property=\"article:publisher\" content=\"https:\/\/www.facebook.com\/BusinessStrategieConseils\/\" \/>\n<meta property=\"article:author\" content=\"https:\/\/www.facebook.com\/BusinessStrategieConseils\/\" \/>\n<meta property=\"article:published_time\" content=\"2019-12-21T17:02:53+00:00\" \/>\n<meta property=\"article:modified_time\" content=\"2019-12-21T17:02:58+00:00\" \/>\n<meta property=\"og:image\" content=\"https:\/\/i2.wp.com\/www.bs-conseils.fr\/wp-content\/uploads\/2019\/12\/logistique-dernier-kilometre-bruno-sanlaville.jpg?fit=1280%2C640&ssl=1\" \/>\n\t<meta property=\"og:image:width\" content=\"1280\" \/>\n\t<meta property=\"og:image:height\" content=\"640\" \/>\n\t<meta property=\"og:image:type\" content=\"image\/jpeg\" \/>\n<meta name=\"author\" content=\"Bruno Sanlaville\" \/>\n<meta name=\"twitter:card\" content=\"summary_large_image\" \/>\n<meta name=\"twitter:creator\" content=\"@brunosanlaville\" \/>\n<meta name=\"twitter:site\" content=\"@brunosanlaville\" \/>\n<meta name=\"twitter:label1\" content=\"\u00c9crit par\" \/>\n\t<meta name=\"twitter:data1\" content=\"Bruno Sanlaville\" \/>\n\t<meta name=\"twitter:label2\" content=\"Dur\u00e9e de lecture estim\u00e9e\" \/>\n\t<meta name=\"twitter:data2\" content=\"8 minutes\" \/>\n<script type=\"application\/ld+json\" class=\"yoast-schema-graph\">{\"@context\":\"https:\/\/schema.org\",\"@graph\":[{\"@type\":\"Article\",\"@id\":\"https:\/\/www.bs-conseils.fr\/index.php\/2019\/12\/21\/bruno-sanlaville-ou-la-passion-de-la-logistique-du-dernier-kilometre\/#article\",\"isPartOf\":{\"@id\":\"https:\/\/www.bs-conseils.fr\/index.php\/2019\/12\/21\/bruno-sanlaville-ou-la-passion-de-la-logistique-du-dernier-kilometre\/\"},\"author\":{\"name\":\"Bruno Sanlaville\",\"@id\":\"https:\/\/www.bs-conseils.fr\/#\/schema\/person\/2eed1f901efa9089d23002098472379a\"},\"headline\":\"Bruno Sanlaville, ou la passion de la logistique du dernier kilom\u00e8tre\",\"datePublished\":\"2019-12-21T17:02:53+00:00\",\"dateModified\":\"2019-12-21T17:02:58+00:00\",\"mainEntityOfPage\":{\"@id\":\"https:\/\/www.bs-conseils.fr\/index.php\/2019\/12\/21\/bruno-sanlaville-ou-la-passion-de-la-logistique-du-dernier-kilometre\/\"},\"wordCount\":1623,\"commentCount\":0,\"publisher\":{\"@id\":\"https:\/\/www.bs-conseils.fr\/#organization\"},\"image\":{\"@id\":\"https:\/\/www.bs-conseils.fr\/index.php\/2019\/12\/21\/bruno-sanlaville-ou-la-passion-de-la-logistique-du-dernier-kilometre\/#primaryimage\"},\"thumbnailUrl\":\"https:\/\/i0.wp.com\/www.bs-conseils.fr\/wp-content\/uploads\/2019\/12\/logistique-dernier-kilometre-bruno-sanlaville.jpg?fit=1280%2C640&ssl=1\",\"keywords\":[\"bruno sanlaville\"],\"articleSection\":[\"Actualit\u00e9\",\"E-commerce\",\"Ecologie\",\"Livraison Urbaine\",\"Omnicanal\",\"Retail\",\"Transport\"],\"inLanguage\":\"fr-FR\",\"potentialAction\":[{\"@type\":\"CommentAction\",\"name\":\"Comment\",\"target\":[\"https:\/\/www.bs-conseils.fr\/index.php\/2019\/12\/21\/bruno-sanlaville-ou-la-passion-de-la-logistique-du-dernier-kilometre\/#respond\"]}]},{\"@type\":\"WebPage\",\"@id\":\"https:\/\/www.bs-conseils.fr\/index.php\/2019\/12\/21\/bruno-sanlaville-ou-la-passion-de-la-logistique-du-dernier-kilometre\/\",\"url\":\"https:\/\/www.bs-conseils.fr\/index.php\/2019\/12\/21\/bruno-sanlaville-ou-la-passion-de-la-logistique-du-dernier-kilometre\/\",\"name\":\"Bruno Sanlaville, ou la passion de la logistique du dernier kilom\u00e8tre - BUSINESS STRAT\u00c9GIE CONSEILS\",\"isPartOf\":{\"@id\":\"https:\/\/www.bs-conseils.fr\/#website\"},\"primaryImageOfPage\":{\"@id\":\"https:\/\/www.bs-conseils.fr\/index.php\/2019\/12\/21\/bruno-sanlaville-ou-la-passion-de-la-logistique-du-dernier-kilometre\/#primaryimage\"},\"image\":{\"@id\":\"https:\/\/www.bs-conseils.fr\/index.php\/2019\/12\/21\/bruno-sanlaville-ou-la-passion-de-la-logistique-du-dernier-kilometre\/#primaryimage\"},\"thumbnailUrl\":\"https:\/\/i0.wp.com\/www.bs-conseils.fr\/wp-content\/uploads\/2019\/12\/logistique-dernier-kilometre-bruno-sanlaville.jpg?fit=1280%2C640&ssl=1\",\"datePublished\":\"2019-12-21T17:02:53+00:00\",\"dateModified\":\"2019-12-21T17:02:58+00:00\",\"description\":\"Bruno Sanlaville, ou la passion de la logistique du dernier kilom\u00e8tre. Parcours professionnel d'un sp\u00e9cialiste de la livraison e-commerce et retail.\",\"breadcrumb\":{\"@id\":\"https:\/\/www.bs-conseils.fr\/index.php\/2019\/12\/21\/bruno-sanlaville-ou-la-passion-de-la-logistique-du-dernier-kilometre\/#breadcrumb\"},\"inLanguage\":\"fr-FR\",\"potentialAction\":[{\"@type\":\"ReadAction\",\"target\":[\"https:\/\/www.bs-conseils.fr\/index.php\/2019\/12\/21\/bruno-sanlaville-ou-la-passion-de-la-logistique-du-dernier-kilometre\/\"]}]},{\"@type\":\"ImageObject\",\"inLanguage\":\"fr-FR\",\"@id\":\"https:\/\/www.bs-conseils.fr\/index.php\/2019\/12\/21\/bruno-sanlaville-ou-la-passion-de-la-logistique-du-dernier-kilometre\/#primaryimage\",\"url\":\"https:\/\/i0.wp.com\/www.bs-conseils.fr\/wp-content\/uploads\/2019\/12\/logistique-dernier-kilometre-bruno-sanlaville.jpg?fit=1280%2C640&ssl=1\",\"contentUrl\":\"https:\/\/i0.wp.com\/www.bs-conseils.fr\/wp-content\/uploads\/2019\/12\/logistique-dernier-kilometre-bruno-sanlaville.jpg?fit=1280%2C640&ssl=1\",\"width\":1280,\"height\":640,\"caption\":\"Young man Delivering Package to customer at home. Delivery\"},{\"@type\":\"BreadcrumbList\",\"@id\":\"https:\/\/www.bs-conseils.fr\/index.php\/2019\/12\/21\/bruno-sanlaville-ou-la-passion-de-la-logistique-du-dernier-kilometre\/#breadcrumb\",\"itemListElement\":[{\"@type\":\"ListItem\",\"position\":1,\"name\":\"Accueil\",\"item\":\"https:\/\/www.bs-conseils.fr\/\"},{\"@type\":\"ListItem\",\"position\":2,\"name\":\"Bruno Sanlaville, ou la passion de la logistique du dernier kilom\u00e8tre\"}]},{\"@type\":\"WebSite\",\"@id\":\"https:\/\/www.bs-conseils.fr\/#website\",\"url\":\"https:\/\/www.bs-conseils.fr\/\",\"name\":\"BUSINESS STRAT\u00c9GIE CONSEILS\",\"description\":\"Conseils en strat\u00e9gie dernier kilom\u00e8tre et logistique urbaine omnicanale dans les secteurs du E-commerce, du Retail et du Transport \u00e9coresponsable\",\"publisher\":{\"@id\":\"https:\/\/www.bs-conseils.fr\/#organization\"},\"potentialAction\":[{\"@type\":\"SearchAction\",\"target\":{\"@type\":\"EntryPoint\",\"urlTemplate\":\"https:\/\/www.bs-conseils.fr\/?s={search_term_string}\"},\"query-input\":{\"@type\":\"PropertyValueSpecification\",\"valueRequired\":true,\"valueName\":\"search_term_string\"}}],\"inLanguage\":\"fr-FR\"},{\"@type\":\"Organization\",\"@id\":\"https:\/\/www.bs-conseils.fr\/#organization\",\"name\":\"BUSINESS STRAT\u00c9GIE CONSEILS\",\"url\":\"https:\/\/www.bs-conseils.fr\/\",\"logo\":{\"@type\":\"ImageObject\",\"inLanguage\":\"fr-FR\",\"@id\":\"https:\/\/www.bs-conseils.fr\/#\/schema\/logo\/image\/\",\"url\":\"https:\/\/i0.wp.com\/www.bs-conseils.fr\/wp-content\/uploads\/2020\/07\/image.jpg?fit=640%2C640&ssl=1\",\"contentUrl\":\"https:\/\/i0.wp.com\/www.bs-conseils.fr\/wp-content\/uploads\/2020\/07\/image.jpg?fit=640%2C640&ssl=1\",\"width\":640,\"height\":640,\"caption\":\"BUSINESS STRAT\u00c9GIE CONSEILS\"},\"image\":{\"@id\":\"https:\/\/www.bs-conseils.fr\/#\/schema\/logo\/image\/\"},\"sameAs\":[\"https:\/\/www.facebook.com\/BusinessStrategieConseils\/\",\"https:\/\/x.com\/brunosanlaville\",\"https:\/\/www.instagram.com\/bsc_conseils\/\",\"https:\/\/www.linkedin.com\/company\/11130594\/\"]},{\"@type\":\"Person\",\"@id\":\"https:\/\/www.bs-conseils.fr\/#\/schema\/person\/2eed1f901efa9089d23002098472379a\",\"name\":\"Bruno Sanlaville\",\"image\":{\"@type\":\"ImageObject\",\"inLanguage\":\"fr-FR\",\"@id\":\"https:\/\/www.bs-conseils.fr\/#\/schema\/person\/image\/\",\"url\":\"https:\/\/secure.gravatar.com\/avatar\/e4457440688fc10c2e14e0aefc093595f10c2482f2543d7e257108408c94786b?s=96&d=mm&r=g\",\"contentUrl\":\"https:\/\/secure.gravatar.com\/avatar\/e4457440688fc10c2e14e0aefc093595f10c2482f2543d7e257108408c94786b?s=96&d=mm&r=g\",\"caption\":\"Bruno Sanlaville\"},\"sameAs\":[\"http:\/\/www.bs-conseils.fr\",\"https:\/\/www.facebook.com\/BusinessStrategieConseils\/\",\"https:\/\/x.com\/brunosanlaville\"]}]}<\/script>\n<!-- \/ Yoast SEO plugin. -->","yoast_head_json":{"title":"Bruno Sanlaville, ou la passion de la logistique du dernier kilom\u00e8tre - BUSINESS STRAT\u00c9GIE CONSEILS","description":"Bruno Sanlaville, ou la passion de la logistique du dernier kilom\u00e8tre. Parcours professionnel d'un sp\u00e9cialiste de la livraison e-commerce et retail.","robots":{"index":"index","follow":"follow","max-snippet":"max-snippet:-1","max-image-preview":"max-image-preview:large","max-video-preview":"max-video-preview:-1"},"canonical":"https:\/\/www.bs-conseils.fr\/index.php\/2019\/12\/21\/bruno-sanlaville-ou-la-passion-de-la-logistique-du-dernier-kilometre\/","og_locale":"fr_FR","og_type":"article","og_title":"Bruno Sanlaville, ou la passion de la logistique du dernier kilom\u00e8tre - BUSINESS STRAT\u00c9GIE CONSEILS","og_description":"Bruno Sanlaville, ou la passion de la logistique du dernier kilom\u00e8tre. Parcours professionnel d'un sp\u00e9cialiste de la livraison e-commerce et retail.","og_url":"https:\/\/www.bs-conseils.fr\/index.php\/2019\/12\/21\/bruno-sanlaville-ou-la-passion-de-la-logistique-du-dernier-kilometre\/","og_site_name":"BUSINESS STRAT\u00c9GIE CONSEILS","article_publisher":"https:\/\/www.facebook.com\/BusinessStrategieConseils\/","article_author":"https:\/\/www.facebook.com\/BusinessStrategieConseils\/","article_published_time":"2019-12-21T17:02:53+00:00","article_modified_time":"2019-12-21T17:02:58+00:00","og_image":[{"width":1280,"height":640,"url":"https:\/\/i2.wp.com\/www.bs-conseils.fr\/wp-content\/uploads\/2019\/12\/logistique-dernier-kilometre-bruno-sanlaville.jpg?fit=1280%2C640&ssl=1","type":"image\/jpeg"}],"author":"Bruno Sanlaville","twitter_card":"summary_large_image","twitter_creator":"@brunosanlaville","twitter_site":"@brunosanlaville","twitter_misc":{"\u00c9crit par":"Bruno Sanlaville","Dur\u00e9e de lecture estim\u00e9e":"8 minutes"},"schema":{"@context":"https:\/\/schema.org","@graph":[{"@type":"Article","@id":"https:\/\/www.bs-conseils.fr\/index.php\/2019\/12\/21\/bruno-sanlaville-ou-la-passion-de-la-logistique-du-dernier-kilometre\/#article","isPartOf":{"@id":"https:\/\/www.bs-conseils.fr\/index.php\/2019\/12\/21\/bruno-sanlaville-ou-la-passion-de-la-logistique-du-dernier-kilometre\/"},"author":{"name":"Bruno Sanlaville","@id":"https:\/\/www.bs-conseils.fr\/#\/schema\/person\/2eed1f901efa9089d23002098472379a"},"headline":"Bruno Sanlaville, ou la passion de la logistique du dernier kilom\u00e8tre","datePublished":"2019-12-21T17:02:53+00:00","dateModified":"2019-12-21T17:02:58+00:00","mainEntityOfPage":{"@id":"https:\/\/www.bs-conseils.fr\/index.php\/2019\/12\/21\/bruno-sanlaville-ou-la-passion-de-la-logistique-du-dernier-kilometre\/"},"wordCount":1623,"commentCount":0,"publisher":{"@id":"https:\/\/www.bs-conseils.fr\/#organization"},"image":{"@id":"https:\/\/www.bs-conseils.fr\/index.php\/2019\/12\/21\/bruno-sanlaville-ou-la-passion-de-la-logistique-du-dernier-kilometre\/#primaryimage"},"thumbnailUrl":"https:\/\/i0.wp.com\/www.bs-conseils.fr\/wp-content\/uploads\/2019\/12\/logistique-dernier-kilometre-bruno-sanlaville.jpg?fit=1280%2C640&ssl=1","keywords":["bruno sanlaville"],"articleSection":["Actualit\u00e9","E-commerce","Ecologie","Livraison Urbaine","Omnicanal","Retail","Transport"],"inLanguage":"fr-FR","potentialAction":[{"@type":"CommentAction","name":"Comment","target":["https:\/\/www.bs-conseils.fr\/index.php\/2019\/12\/21\/bruno-sanlaville-ou-la-passion-de-la-logistique-du-dernier-kilometre\/#respond"]}]},{"@type":"WebPage","@id":"https:\/\/www.bs-conseils.fr\/index.php\/2019\/12\/21\/bruno-sanlaville-ou-la-passion-de-la-logistique-du-dernier-kilometre\/","url":"https:\/\/www.bs-conseils.fr\/index.php\/2019\/12\/21\/bruno-sanlaville-ou-la-passion-de-la-logistique-du-dernier-kilometre\/","name":"Bruno Sanlaville, ou la passion de la logistique du dernier kilom\u00e8tre - BUSINESS STRAT\u00c9GIE CONSEILS","isPartOf":{"@id":"https:\/\/www.bs-conseils.fr\/#website"},"primaryImageOfPage":{"@id":"https:\/\/www.bs-conseils.fr\/index.php\/2019\/12\/21\/bruno-sanlaville-ou-la-passion-de-la-logistique-du-dernier-kilometre\/#primaryimage"},"image":{"@id":"https:\/\/www.bs-conseils.fr\/index.php\/2019\/12\/21\/bruno-sanlaville-ou-la-passion-de-la-logistique-du-dernier-kilometre\/#primaryimage"},"thumbnailUrl":"https:\/\/i0.wp.com\/www.bs-conseils.fr\/wp-content\/uploads\/2019\/12\/logistique-dernier-kilometre-bruno-sanlaville.jpg?fit=1280%2C640&ssl=1","datePublished":"2019-12-21T17:02:53+00:00","dateModified":"2019-12-21T17:02:58+00:00","description":"Bruno Sanlaville, ou la passion de la logistique du dernier kilom\u00e8tre. Parcours professionnel d'un sp\u00e9cialiste de la livraison e-commerce et retail.","breadcrumb":{"@id":"https:\/\/www.bs-conseils.fr\/index.php\/2019\/12\/21\/bruno-sanlaville-ou-la-passion-de-la-logistique-du-dernier-kilometre\/#breadcrumb"},"inLanguage":"fr-FR","potentialAction":[{"@type":"ReadAction","target":["https:\/\/www.bs-conseils.fr\/index.php\/2019\/12\/21\/bruno-sanlaville-ou-la-passion-de-la-logistique-du-dernier-kilometre\/"]}]},{"@type":"ImageObject","inLanguage":"fr-FR","@id":"https:\/\/www.bs-conseils.fr\/index.php\/2019\/12\/21\/bruno-sanlaville-ou-la-passion-de-la-logistique-du-dernier-kilometre\/#primaryimage","url":"https:\/\/i0.wp.com\/www.bs-conseils.fr\/wp-content\/uploads\/2019\/12\/logistique-dernier-kilometre-bruno-sanlaville.jpg?fit=1280%2C640&ssl=1","contentUrl":"https:\/\/i0.wp.com\/www.bs-conseils.fr\/wp-content\/uploads\/2019\/12\/logistique-dernier-kilometre-bruno-sanlaville.jpg?fit=1280%2C640&ssl=1","width":1280,"height":640,"caption":"Young man Delivering Package to customer at home. Delivery"},{"@type":"BreadcrumbList","@id":"https:\/\/www.bs-conseils.fr\/index.php\/2019\/12\/21\/bruno-sanlaville-ou-la-passion-de-la-logistique-du-dernier-kilometre\/#breadcrumb","itemListElement":[{"@type":"ListItem","position":1,"name":"Accueil","item":"https:\/\/www.bs-conseils.fr\/"},{"@type":"ListItem","position":2,"name":"Bruno Sanlaville, ou la passion de la logistique du dernier kilom\u00e8tre"}]},{"@type":"WebSite","@id":"https:\/\/www.bs-conseils.fr\/#website","url":"https:\/\/www.bs-conseils.fr\/","name":"BUSINESS STRAT\u00c9GIE CONSEILS","description":"Conseils en strat\u00e9gie dernier kilom\u00e8tre et logistique urbaine omnicanale dans les secteurs du E-commerce, du Retail et du Transport \u00e9coresponsable","publisher":{"@id":"https:\/\/www.bs-conseils.fr\/#organization"},"potentialAction":[{"@type":"SearchAction","target":{"@type":"EntryPoint","urlTemplate":"https:\/\/www.bs-conseils.fr\/?s={search_term_string}"},"query-input":{"@type":"PropertyValueSpecification","valueRequired":true,"valueName":"search_term_string"}}],"inLanguage":"fr-FR"},{"@type":"Organization","@id":"https:\/\/www.bs-conseils.fr\/#organization","name":"BUSINESS STRAT\u00c9GIE CONSEILS","url":"https:\/\/www.bs-conseils.fr\/","logo":{"@type":"ImageObject","inLanguage":"fr-FR","@id":"https:\/\/www.bs-conseils.fr\/#\/schema\/logo\/image\/","url":"https:\/\/i0.wp.com\/www.bs-conseils.fr\/wp-content\/uploads\/2020\/07\/image.jpg?fit=640%2C640&ssl=1","contentUrl":"https:\/\/i0.wp.com\/www.bs-conseils.fr\/wp-content\/uploads\/2020\/07\/image.jpg?fit=640%2C640&ssl=1","width":640,"height":640,"caption":"BUSINESS STRAT\u00c9GIE CONSEILS"},"image":{"@id":"https:\/\/www.bs-conseils.fr\/#\/schema\/logo\/image\/"},"sameAs":["https:\/\/www.facebook.com\/BusinessStrategieConseils\/","https:\/\/x.com\/brunosanlaville","https:\/\/www.instagram.com\/bsc_conseils\/","https:\/\/www.linkedin.com\/company\/11130594\/"]},{"@type":"Person","@id":"https:\/\/www.bs-conseils.fr\/#\/schema\/person\/2eed1f901efa9089d23002098472379a","name":"Bruno Sanlaville","image":{"@type":"ImageObject","inLanguage":"fr-FR","@id":"https:\/\/www.bs-conseils.fr\/#\/schema\/person\/image\/","url":"https:\/\/secure.gravatar.com\/avatar\/e4457440688fc10c2e14e0aefc093595f10c2482f2543d7e257108408c94786b?s=96&d=mm&r=g","contentUrl":"https:\/\/secure.gravatar.com\/avatar\/e4457440688fc10c2e14e0aefc093595f10c2482f2543d7e257108408c94786b?s=96&d=mm&r=g","caption":"Bruno Sanlaville"},"sameAs":["http:\/\/www.bs-conseils.fr","https:\/\/www.facebook.com\/BusinessStrategieConseils\/","https:\/\/x.com\/brunosanlaville"]}]}},"jetpack_publicize_connections":[],"jetpack_featured_media_url":"https:\/\/i0.wp.com\/www.bs-conseils.fr\/wp-content\/uploads\/2019\/12\/logistique-dernier-kilometre-bruno-sanlaville.jpg?fit=1280%2C640&ssl=1","jetpack_sharing_enabled":true,"jetpack_shortlink":"https:\/\/wp.me\/p8OKKa-116","jetpack_likes_enabled":true,"jetpack-related-posts":[{"id":3721,"url":"https:\/\/www.bs-conseils.fr\/index.php\/2019\/05\/18\/logistique-urbaine-quels-defis-pour-les-e-commercants\/","url_meta":{"origin":3912,"position":0},"title":"LOGISTIQUE URBAINE : QUELS D\u00c9FIS POUR LES E-COMMER\u00c7ANTS ?","author":"Bruno Sanlaville","date":"18 mai 2019","format":false,"excerpt":"LOGISTIQUE URBAINE : QUELS D\u00c9FIS POUR LES E-COMMER\u00c7ANTS ? Article du blog de @RAJA_Emballages avec la participation de @LibeskindJerome @nicobreuil (@Stuart_Delivery) et moi (@VertChezVous). Merci \u00e0 @raja \ud83d\ude4fet @gaeloizel #Livraison #Ecommerce #DernierKM","rel":"","context":"Dans &quot;E-commerce&quot;","block_context":{"text":"E-commerce","link":"https:\/\/www.bs-conseils.fr\/index.php\/category\/e-commerce\/"},"img":{"alt_text":"","src":"https:\/\/i0.wp.com\/www.bs-conseils.fr\/wp-content\/uploads\/2019\/05\/autoroute.jpeg?fit=960%2C719&ssl=1&resize=350%2C200","width":350,"height":200,"srcset":"https:\/\/i0.wp.com\/www.bs-conseils.fr\/wp-content\/uploads\/2019\/05\/autoroute.jpeg?fit=960%2C719&ssl=1&resize=350%2C200 1x, https:\/\/i0.wp.com\/www.bs-conseils.fr\/wp-content\/uploads\/2019\/05\/autoroute.jpeg?fit=960%2C719&ssl=1&resize=525%2C300 1.5x, https:\/\/i0.wp.com\/www.bs-conseils.fr\/wp-content\/uploads\/2019\/05\/autoroute.jpeg?fit=960%2C719&ssl=1&resize=700%2C400 2x"},"classes":[]},{"id":3072,"url":"https:\/\/www.bs-conseils.fr\/index.php\/2018\/04\/17\/nouvelle-voie-pour-la-distribution-du-dernier-kilometre\/","url_meta":{"origin":3912,"position":1},"title":"La route vers une nouvelle voie pour la distribution du dernier kilom\u00e8tre&#8230;","author":"Bruno Sanlaville","date":"17 avril 2018","format":false,"excerpt":"Sur internet, le gratuit est devenu une sorte de norme y compris dans le service et plus particuli\u00e8rement des livraisons... La livraison gratuite n\u2019est qu\u2019illusion. Quelqu'un, quelque part doit payer ! Comme s'interrogeait r\u00e9cemment un journaliste du Financial Time \"Free delivery : who pays the price\", il convient de s'interroger\u2026","rel":"","context":"Dans &quot;Actualit\u00e9&quot;","block_context":{"text":"Actualit\u00e9","link":"https:\/\/www.bs-conseils.fr\/index.php\/category\/actualite\/"},"img":{"alt_text":"bruno sanlaville BSC Business Strat\u00e9gie Conseils - Dernier kilom\u00e8tre E-commerce et Retail","src":"https:\/\/i0.wp.com\/www.bs-conseils.fr\/wp-content\/uploads\/2018\/04\/route-.jpg?fit=1200%2C800&ssl=1&resize=350%2C200","width":350,"height":200,"srcset":"https:\/\/i0.wp.com\/www.bs-conseils.fr\/wp-content\/uploads\/2018\/04\/route-.jpg?fit=1200%2C800&ssl=1&resize=350%2C200 1x, https:\/\/i0.wp.com\/www.bs-conseils.fr\/wp-content\/uploads\/2018\/04\/route-.jpg?fit=1200%2C800&ssl=1&resize=525%2C300 1.5x, https:\/\/i0.wp.com\/www.bs-conseils.fr\/wp-content\/uploads\/2018\/04\/route-.jpg?fit=1200%2C800&ssl=1&resize=700%2C400 2x, https:\/\/i0.wp.com\/www.bs-conseils.fr\/wp-content\/uploads\/2018\/04\/route-.jpg?fit=1200%2C800&ssl=1&resize=1050%2C600 3x"},"classes":[]},{"id":1346,"url":"https:\/\/www.bs-conseils.fr\/index.php\/2017\/08\/29\/lavenir-de-la-livraison-du-dernier-kilometre-10-tendances\/","url_meta":{"origin":3912,"position":2},"title":"L&rsquo;avenir de la livraison du dernier kilom\u00e8tre: 10 tendances","author":"Bruno Sanlaville","date":"29 ao\u00fbt 2017","format":false,"excerpt":"L'augmentation du commerce \u00e9lectronique dans les march\u00e9s B2B, B2C et C2C entra\u00eene un nombre de d\u00e9fis important autour du fret urbain: l'utilisation croissante de l'espace public, les niveaux de pollution, le bruit, la congestion routi\u00e8re et la s\u00e9curit\u00e9.\u00a0Le commerce \u00e9lectronique aboutit \u00e0 des livraisons plus importantes et de plus pr\u00e9cises\u2026","rel":"","context":"Dans &quot;E-commerce&quot;","block_context":{"text":"E-commerce","link":"https:\/\/www.bs-conseils.fr\/index.php\/category\/e-commerce\/"},"img":{"alt_text":"bruno sanlaville BSC Business Strat\u00e9gie Conseils - Dernier kilom\u00e8tre E-commerce et Retail","src":"https:\/\/i0.wp.com\/www.bs-conseils.fr\/wp-content\/uploads\/2017\/08\/log-urbaine.jpg?fit=1200%2C675&ssl=1&resize=350%2C200","width":350,"height":200,"srcset":"https:\/\/i0.wp.com\/www.bs-conseils.fr\/wp-content\/uploads\/2017\/08\/log-urbaine.jpg?fit=1200%2C675&ssl=1&resize=350%2C200 1x, https:\/\/i0.wp.com\/www.bs-conseils.fr\/wp-content\/uploads\/2017\/08\/log-urbaine.jpg?fit=1200%2C675&ssl=1&resize=525%2C300 1.5x, https:\/\/i0.wp.com\/www.bs-conseils.fr\/wp-content\/uploads\/2017\/08\/log-urbaine.jpg?fit=1200%2C675&ssl=1&resize=700%2C400 2x, https:\/\/i0.wp.com\/www.bs-conseils.fr\/wp-content\/uploads\/2017\/08\/log-urbaine.jpg?fit=1200%2C675&ssl=1&resize=1050%2C600 3x"},"classes":[]},{"id":1843,"url":"https:\/\/www.bs-conseils.fr\/index.php\/2017\/10\/09\/seller-flex-damazon-la-course-a-loptimisation-de-sa-logistique-mondiale-de-livraison-episode-2\/","url_meta":{"origin":3912,"position":3},"title":"Seller Flex d\u2019Amazon : La course \u00e0 l\u2019optimisation de sa logistique mondiale de livraison \u2013 Episode 2","author":"Bruno Sanlaville","date":"9 octobre 2017","format":false,"excerpt":"Amazon serait en train de tester son propre service delivraison...Seller Flex d\u2019Amazon Amazon veut rebattre les cartes de la supply chain global.\u00a0 Il pourrait notamment bousculer le march\u00e9 de la livraison selon\u00a0Bloomberg . Dans les faits, Amazon d\u00e9veloppe un nouveau service de livraison pour accroitre le nombre de produits \u00e9ligibles\u2026","rel":"","context":"Dans &quot;Actualit\u00e9&quot;","block_context":{"text":"Actualit\u00e9","link":"https:\/\/www.bs-conseils.fr\/index.php\/category\/actualite\/"},"img":{"alt_text":"bruno sanlaville BSC Business Strat\u00e9gie Conseils - Dernier kilom\u00e8tre E-commerce et Retail","src":"https:\/\/i0.wp.com\/www.bs-conseils.fr\/wp-content\/uploads\/2017\/10\/amazon_fulfilment_centre.jpg?fit=1140%2C471&ssl=1&resize=350%2C200","width":350,"height":200,"srcset":"https:\/\/i0.wp.com\/www.bs-conseils.fr\/wp-content\/uploads\/2017\/10\/amazon_fulfilment_centre.jpg?fit=1140%2C471&ssl=1&resize=350%2C200 1x, https:\/\/i0.wp.com\/www.bs-conseils.fr\/wp-content\/uploads\/2017\/10\/amazon_fulfilment_centre.jpg?fit=1140%2C471&ssl=1&resize=525%2C300 1.5x, https:\/\/i0.wp.com\/www.bs-conseils.fr\/wp-content\/uploads\/2017\/10\/amazon_fulfilment_centre.jpg?fit=1140%2C471&ssl=1&resize=700%2C400 2x, https:\/\/i0.wp.com\/www.bs-conseils.fr\/wp-content\/uploads\/2017\/10\/amazon_fulfilment_centre.jpg?fit=1140%2C471&ssl=1&resize=1050%2C600 3x"},"classes":[]},{"id":2031,"url":"https:\/\/www.bs-conseils.fr\/index.php\/2017\/10\/17\/pourquoi-le-retail-doit-prendre-le-controle-du-dernier-kilometre\/","url_meta":{"origin":3912,"position":4},"title":"Pourquoi le retail doit prendre le contr\u00f4le du dernier kilom\u00e8tre","author":"Bruno Sanlaville","date":"17 octobre 2017","format":false,"excerpt":"Pourquoi le retail doit prendre le contr\u00f4le du dernier kilom\u00e8tre ? Le commerce \u00e9lectronique est d\u00e9sormais incontournable. Avec une croissance estim\u00e9e \u00e0 +15% en volume par an, les volumes devraient doubler d\u2019ici 5 ans. La cons\u00e9quence est une atomisation des flux avec de plus en plus de colis unitaires. Cette\u2026","rel":"","context":"Dans &quot;Actualit\u00e9&quot;","block_context":{"text":"Actualit\u00e9","link":"https:\/\/www.bs-conseils.fr\/index.php\/category\/actualite\/"},"img":{"alt_text":"bruno sanlaville BSC Business Strat\u00e9gie Conseils - Dernier kilom\u00e8tre E-commerce et Retail","src":"https:\/\/i0.wp.com\/www.bs-conseils.fr\/wp-content\/uploads\/2017\/10\/Retail_.jpg?fit=1200%2C655&ssl=1&resize=350%2C200","width":350,"height":200,"srcset":"https:\/\/i0.wp.com\/www.bs-conseils.fr\/wp-content\/uploads\/2017\/10\/Retail_.jpg?fit=1200%2C655&ssl=1&resize=350%2C200 1x, https:\/\/i0.wp.com\/www.bs-conseils.fr\/wp-content\/uploads\/2017\/10\/Retail_.jpg?fit=1200%2C655&ssl=1&resize=525%2C300 1.5x, https:\/\/i0.wp.com\/www.bs-conseils.fr\/wp-content\/uploads\/2017\/10\/Retail_.jpg?fit=1200%2C655&ssl=1&resize=700%2C400 2x, https:\/\/i0.wp.com\/www.bs-conseils.fr\/wp-content\/uploads\/2017\/10\/Retail_.jpg?fit=1200%2C655&ssl=1&resize=1050%2C600 3x"},"classes":[]},{"id":5379,"url":"https:\/\/www.bs-conseils.fr\/index.php\/2020\/10\/05\/le-marche-de-la-logistique-urbaine-en-france\/","url_meta":{"origin":3912,"position":5},"title":"Le march\u00e9 de la logistique Urbaine en France","author":"Bruno Sanlaville","date":"5 octobre 2020","format":false,"excerpt":"Les chiffres cl\u00e9s du march\u00e9 de la logistique urbaine en France, du premier au dernier kilom\u00e8tre #LogistiqueUrbaine #DernierKM #PremierKM #Infographie","rel":"","context":"Dans &quot;Actualit\u00e9&quot;","block_context":{"text":"Actualit\u00e9","link":"https:\/\/www.bs-conseils.fr\/index.php\/category\/actualite\/"},"img":{"alt_text":"","src":"https:\/\/i0.wp.com\/www.bs-conseils.fr\/wp-content\/uploads\/2020\/10\/citylog.jpg?fit=1080%2C675&ssl=1&resize=350%2C200","width":350,"height":200,"srcset":"https:\/\/i0.wp.com\/www.bs-conseils.fr\/wp-content\/uploads\/2020\/10\/citylog.jpg?fit=1080%2C675&ssl=1&resize=350%2C200 1x, https:\/\/i0.wp.com\/www.bs-conseils.fr\/wp-content\/uploads\/2020\/10\/citylog.jpg?fit=1080%2C675&ssl=1&resize=525%2C300 1.5x, https:\/\/i0.wp.com\/www.bs-conseils.fr\/wp-content\/uploads\/2020\/10\/citylog.jpg?fit=1080%2C675&ssl=1&resize=700%2C400 2x, https:\/\/i0.wp.com\/www.bs-conseils.fr\/wp-content\/uploads\/2020\/10\/citylog.jpg?fit=1080%2C675&ssl=1&resize=1050%2C600 3x"},"classes":[]}],"amp_enabled":true,"_links":{"self":[{"href":"https:\/\/www.bs-conseils.fr\/index.php\/wp-json\/wp\/v2\/posts\/3912","targetHints":{"allow":["GET"]}}],"collection":[{"href":"https:\/\/www.bs-conseils.fr\/index.php\/wp-json\/wp\/v2\/posts"}],"about":[{"href":"https:\/\/www.bs-conseils.fr\/index.php\/wp-json\/wp\/v2\/types\/post"}],"author":[{"embeddable":true,"href":"https:\/\/www.bs-conseils.fr\/index.php\/wp-json\/wp\/v2\/users\/1"}],"replies":[{"embeddable":true,"href":"https:\/\/www.bs-conseils.fr\/index.php\/wp-json\/wp\/v2\/comments?post=3912"}],"version-history":[{"count":21,"href":"https:\/\/www.bs-conseils.fr\/index.php\/wp-json\/wp\/v2\/posts\/3912\/revisions"}],"predecessor-version":[{"id":3938,"href":"https:\/\/www.bs-conseils.fr\/index.php\/wp-json\/wp\/v2\/posts\/3912\/revisions\/3938"}],"wp:featuredmedia":[{"embeddable":true,"href":"https:\/\/www.bs-conseils.fr\/index.php\/wp-json\/wp\/v2\/media\/3930"}],"wp:attachment":[{"href":"https:\/\/www.bs-conseils.fr\/index.php\/wp-json\/wp\/v2\/media?parent=3912"}],"wp:term":[{"taxonomy":"category","embeddable":true,"href":"https:\/\/www.bs-conseils.fr\/index.php\/wp-json\/wp\/v2\/categories?post=3912"},{"taxonomy":"post_tag","embeddable":true,"href":"https:\/\/www.bs-conseils.fr\/index.php\/wp-json\/wp\/v2\/tags?post=3912"}],"curies":[{"name":"wp","href":"https:\/\/api.w.org\/{rel}","templated":true}]}}