{"id":5379,"date":"2020-10-05T21:57:06","date_gmt":"2020-10-05T19:57:06","guid":{"rendered":"https:\/\/www.bs-conseils.fr\/?p=5379"},"modified":"2020-10-05T21:57:09","modified_gmt":"2020-10-05T19:57:09","slug":"le-marche-de-la-logistique-urbaine-en-france","status":"publish","type":"post","link":"https:\/\/www.bs-conseils.fr\/index.php\/2020\/10\/05\/le-marche-de-la-logistique-urbaine-en-france\/","title":{"rendered":"Le march\u00e9 de la logistique Urbaine en France"},"content":{"rendered":"\n<p class=\"has-text-align-justify\">Les chiffres cl\u00e9s du march\u00e9 de la logistique urbaine en France, du premier au dernier kilom\u00e8tre. <\/p>\n\n\n\n<p class=\"has-text-align-justify\">Avec plus d&rsquo;un milliard de colis distribu\u00e9s chaque ann\u00e9e en\u00a0<strong>France<\/strong>,\u00a0<strong>le march\u00e9 de la logistique urbaine<\/strong>\u00a0est en plein essor. Tous les segments connaissent une augmentation en volume et en valeur ces derni\u00e8res ann\u00e9es, des colis express en passant par les biens alimentaires<\/p>\n\n\n\n<figure class=\"wp-block-image size-large\"><img data-recalc-dims=\"1\" loading=\"lazy\" decoding=\"async\" width=\"691\" height=\"1024\" data-attachment-id=\"5380\" data-permalink=\"https:\/\/www.bs-conseils.fr\/index.php\/2020\/10\/05\/le-marche-de-la-logistique-urbaine-en-france\/chiffre-marche-dernierkm\/\" data-orig-file=\"https:\/\/i0.wp.com\/www.bs-conseils.fr\/wp-content\/uploads\/2020\/10\/chiffre-marche%CC%81-DernierKM.jpeg?fit=1080%2C1600&amp;ssl=1\" data-orig-size=\"1080,1600\" data-comments-opened=\"1\" data-image-meta=\"{&quot;aperture&quot;:&quot;0&quot;,&quot;credit&quot;:&quot;&quot;,&quot;camera&quot;:&quot;&quot;,&quot;caption&quot;:&quot;&quot;,&quot;created_timestamp&quot;:&quot;0&quot;,&quot;copyright&quot;:&quot;&quot;,&quot;focal_length&quot;:&quot;0&quot;,&quot;iso&quot;:&quot;0&quot;,&quot;shutter_speed&quot;:&quot;0&quot;,&quot;title&quot;:&quot;&quot;,&quot;orientation&quot;:&quot;0&quot;}\" data-image-title=\"chiffre-marche\u0301-DernierKM\" data-image-description=\"\" data-image-caption=\"\" data-large-file=\"https:\/\/i0.wp.com\/www.bs-conseils.fr\/wp-content\/uploads\/2020\/10\/chiffre-marche%CC%81-DernierKM.jpeg?fit=691%2C1024&amp;ssl=1\" src=\"https:\/\/i0.wp.com\/www.bs-conseils.fr\/wp-content\/uploads\/2020\/10\/chiffre-marche%CC%81-DernierKM.jpeg?resize=691%2C1024&#038;ssl=1\" alt=\"\" class=\"wp-image-5380\" srcset=\"https:\/\/i0.wp.com\/www.bs-conseils.fr\/wp-content\/uploads\/2020\/10\/chiffre-marche%CC%81-DernierKM.jpeg?resize=691%2C1024&amp;ssl=1 691w, https:\/\/i0.wp.com\/www.bs-conseils.fr\/wp-content\/uploads\/2020\/10\/chiffre-marche%CC%81-DernierKM.jpeg?resize=203%2C300&amp;ssl=1 203w, https:\/\/i0.wp.com\/www.bs-conseils.fr\/wp-content\/uploads\/2020\/10\/chiffre-marche%CC%81-DernierKM.jpeg?resize=768%2C1138&amp;ssl=1 768w, https:\/\/i0.wp.com\/www.bs-conseils.fr\/wp-content\/uploads\/2020\/10\/chiffre-marche%CC%81-DernierKM.jpeg?resize=1037%2C1536&amp;ssl=1 1037w, https:\/\/i0.wp.com\/www.bs-conseils.fr\/wp-content\/uploads\/2020\/10\/chiffre-marche%CC%81-DernierKM.jpeg?w=1080&amp;ssl=1 1080w\" sizes=\"auto, (max-width: 691px) 100vw, 691px\" \/><figcaption>sources : Les Echos Etudes<\/figcaption><\/figure>\n\n\n\n<p class=\"has-text-align-justify\">Ce chiffre comprend le dernier kilom\u00e8tre (livraisons B2C et C2C, hors r\u00e9assorts), qui p\u00e8se <strong>1,5\u00a0Md\u20ac<\/strong>, en croissance de 63\u00a0% sur les 5\u00a0derni\u00e8res ann\u00e9es. Il int\u00e8gre \u00e9galement <strong>350\u00a0M\u20ac<\/strong> li\u00e9 au premier kilom\u00e8tre, c\u2019est-\u00e0-dire les flux de r\u00e9assort des magasins physiques depuis les entrep\u00f4ts urbains, p\u00e9riurbains et les h\u00f4tels logistiques urbains ainsi que les flux \u00ab\u00a0ship from store\u00a0\u00bb.<\/p>\n\n\n\n<p class=\"has-text-align-justify\">les grandes m\u00e9tropoles durcissent le ton face aux nuisances environnementales des transports. Les logisticiens multiplient les initiatives <strong>pour limiter les externalit\u00e9s n\u00e9gatives<\/strong> li\u00e9es \u00e0 leur activit\u00e9. Ils ont recours aux v\u00e9hicules propres, aux modes de transport doux ou aux entrep\u00f4ts mobiles. <strong>Des investissements indispensables mais co\u00fbteux qui ne font que complexifier l\u2019\u00e9quation \u00e9conomique du dernier kilom\u00e8tre<\/strong>.<\/p>\n","protected":false},"excerpt":{"rendered":"<p>Les chiffres cl\u00e9s du march\u00e9 de la logistique urbaine en France, du premier au dernier kilom\u00e8tre #LogistiqueUrbaine #DernierKM #PremierKM #Infographie<\/p>\n","protected":false},"author":1,"featured_media":5382,"comment_status":"open","ping_status":"open","sticky":false,"template":"","format":"standard","meta":{"content-type":"","jetpack_post_was_ever_published":false,"_jetpack_newsletter_access":"","_jetpack_dont_email_post_to_subs":false,"_jetpack_newsletter_tier_id":0,"_jetpack_memberships_contains_paywalled_content":false,"_jetpack_memberships_contains_paid_content":false,"_joinchat":[],"footnotes":"","jetpack_publicize_message":"Les chiffres cl\u00e9s du march\u00e9 de la logistique urbaine en France, du premier au dernier kilom\u00e8tre #LogistiqueUrbaine #DernierKM #PremierKM #Infographie","jetpack_publicize_feature_enabled":true,"jetpack_social_post_already_shared":true,"jetpack_social_options":{"image_generator_settings":{"template":"highway","default_image_id":0,"font":"","enabled":false},"version":2}},"categories":[7,6,121,120,24],"tags":[],"class_list":["post-5379","post","type-post","status-publish","format-standard","has-post-thumbnail","hentry","category-actualite","category-livraison-urbaine","category-logistique","category-omnicanal","category-transport"],"yoast_head":"<!-- This site is optimized with the Yoast SEO plugin v24.9 - https:\/\/yoast.com\/wordpress\/plugins\/seo\/ -->\n<title>Le march\u00e9 de la logistique Urbaine en France - BUSINESS STRAT\u00c9GIE CONSEILS<\/title>\n<meta name=\"description\" content=\"Les chiffres cl\u00e9s du march\u00e9 de la logistique urbaine en France, du premier au dernier kilom\u00e8tre.\" \/>\n<meta name=\"robots\" content=\"index, follow, max-snippet:-1, max-image-preview:large, max-video-preview:-1\" \/>\n<link rel=\"canonical\" href=\"https:\/\/www.bs-conseils.fr\/index.php\/2020\/10\/05\/le-marche-de-la-logistique-urbaine-en-france\/\" \/>\n<meta property=\"og:locale\" content=\"fr_FR\" \/>\n<meta property=\"og:type\" content=\"article\" \/>\n<meta property=\"og:title\" content=\"Le march\u00e9 de la logistique Urbaine en France - BUSINESS STRAT\u00c9GIE CONSEILS\" \/>\n<meta property=\"og:description\" content=\"Les chiffres cl\u00e9s du march\u00e9 de la logistique urbaine en France, du premier au dernier kilom\u00e8tre.\" \/>\n<meta property=\"og:url\" content=\"https:\/\/www.bs-conseils.fr\/index.php\/2020\/10\/05\/le-marche-de-la-logistique-urbaine-en-france\/\" \/>\n<meta property=\"og:site_name\" content=\"BUSINESS STRAT\u00c9GIE CONSEILS\" \/>\n<meta property=\"article:publisher\" content=\"https:\/\/www.facebook.com\/BusinessStrategieConseils\/\" \/>\n<meta property=\"article:author\" content=\"https:\/\/www.facebook.com\/BusinessStrategieConseils\/\" \/>\n<meta property=\"article:published_time\" content=\"2020-10-05T19:57:06+00:00\" \/>\n<meta property=\"article:modified_time\" content=\"2020-10-05T19:57:09+00:00\" \/>\n<meta property=\"og:image\" content=\"https:\/\/i0.wp.com\/www.bs-conseils.fr\/wp-content\/uploads\/2020\/10\/citylog.jpg?fit=1080%2C675&ssl=1\" \/>\n\t<meta property=\"og:image:width\" content=\"1080\" \/>\n\t<meta property=\"og:image:height\" content=\"675\" \/>\n\t<meta property=\"og:image:type\" content=\"image\/jpeg\" \/>\n<meta name=\"author\" content=\"Bruno Sanlaville\" \/>\n<meta name=\"twitter:card\" content=\"summary_large_image\" \/>\n<meta name=\"twitter:creator\" content=\"@brunosanlaville\" \/>\n<meta name=\"twitter:site\" content=\"@brunosanlaville\" \/>\n<meta name=\"twitter:label1\" content=\"\u00c9crit par\" \/>\n\t<meta name=\"twitter:data1\" content=\"Bruno Sanlaville\" \/>\n\t<meta name=\"twitter:label2\" content=\"Dur\u00e9e de lecture estim\u00e9e\" \/>\n\t<meta name=\"twitter:data2\" content=\"1 minute\" \/>\n<script type=\"application\/ld+json\" class=\"yoast-schema-graph\">{\"@context\":\"https:\/\/schema.org\",\"@graph\":[{\"@type\":\"Article\",\"@id\":\"https:\/\/www.bs-conseils.fr\/index.php\/2020\/10\/05\/le-marche-de-la-logistique-urbaine-en-france\/#article\",\"isPartOf\":{\"@id\":\"https:\/\/www.bs-conseils.fr\/index.php\/2020\/10\/05\/le-marche-de-la-logistique-urbaine-en-france\/\"},\"author\":{\"name\":\"Bruno Sanlaville\",\"@id\":\"https:\/\/www.bs-conseils.fr\/#\/schema\/person\/2eed1f901efa9089d23002098472379a\"},\"headline\":\"Le march\u00e9 de la logistique Urbaine en France\",\"datePublished\":\"2020-10-05T19:57:06+00:00\",\"dateModified\":\"2020-10-05T19:57:09+00:00\",\"mainEntityOfPage\":{\"@id\":\"https:\/\/www.bs-conseils.fr\/index.php\/2020\/10\/05\/le-marche-de-la-logistique-urbaine-en-france\/\"},\"wordCount\":212,\"commentCount\":0,\"publisher\":{\"@id\":\"https:\/\/www.bs-conseils.fr\/#organization\"},\"image\":{\"@id\":\"https:\/\/www.bs-conseils.fr\/index.php\/2020\/10\/05\/le-marche-de-la-logistique-urbaine-en-france\/#primaryimage\"},\"thumbnailUrl\":\"https:\/\/i0.wp.com\/www.bs-conseils.fr\/wp-content\/uploads\/2020\/10\/citylog.jpg?fit=1080%2C675&ssl=1\",\"articleSection\":[\"Actualit\u00e9\",\"Livraison Urbaine\",\"Logistique\",\"Omnicanal\",\"Transport\"],\"inLanguage\":\"fr-FR\",\"potentialAction\":[{\"@type\":\"CommentAction\",\"name\":\"Comment\",\"target\":[\"https:\/\/www.bs-conseils.fr\/index.php\/2020\/10\/05\/le-marche-de-la-logistique-urbaine-en-france\/#respond\"]}]},{\"@type\":\"WebPage\",\"@id\":\"https:\/\/www.bs-conseils.fr\/index.php\/2020\/10\/05\/le-marche-de-la-logistique-urbaine-en-france\/\",\"url\":\"https:\/\/www.bs-conseils.fr\/index.php\/2020\/10\/05\/le-marche-de-la-logistique-urbaine-en-france\/\",\"name\":\"Le march\u00e9 de la logistique Urbaine en France - BUSINESS STRAT\u00c9GIE CONSEILS\",\"isPartOf\":{\"@id\":\"https:\/\/www.bs-conseils.fr\/#website\"},\"primaryImageOfPage\":{\"@id\":\"https:\/\/www.bs-conseils.fr\/index.php\/2020\/10\/05\/le-marche-de-la-logistique-urbaine-en-france\/#primaryimage\"},\"image\":{\"@id\":\"https:\/\/www.bs-conseils.fr\/index.php\/2020\/10\/05\/le-marche-de-la-logistique-urbaine-en-france\/#primaryimage\"},\"thumbnailUrl\":\"https:\/\/i0.wp.com\/www.bs-conseils.fr\/wp-content\/uploads\/2020\/10\/citylog.jpg?fit=1080%2C675&ssl=1\",\"datePublished\":\"2020-10-05T19:57:06+00:00\",\"dateModified\":\"2020-10-05T19:57:09+00:00\",\"description\":\"Les chiffres cl\u00e9s du march\u00e9 de la logistique urbaine en France, du premier au dernier kilom\u00e8tre.\",\"breadcrumb\":{\"@id\":\"https:\/\/www.bs-conseils.fr\/index.php\/2020\/10\/05\/le-marche-de-la-logistique-urbaine-en-france\/#breadcrumb\"},\"inLanguage\":\"fr-FR\",\"potentialAction\":[{\"@type\":\"ReadAction\",\"target\":[\"https:\/\/www.bs-conseils.fr\/index.php\/2020\/10\/05\/le-marche-de-la-logistique-urbaine-en-france\/\"]}]},{\"@type\":\"ImageObject\",\"inLanguage\":\"fr-FR\",\"@id\":\"https:\/\/www.bs-conseils.fr\/index.php\/2020\/10\/05\/le-marche-de-la-logistique-urbaine-en-france\/#primaryimage\",\"url\":\"https:\/\/i0.wp.com\/www.bs-conseils.fr\/wp-content\/uploads\/2020\/10\/citylog.jpg?fit=1080%2C675&ssl=1\",\"contentUrl\":\"https:\/\/i0.wp.com\/www.bs-conseils.fr\/wp-content\/uploads\/2020\/10\/citylog.jpg?fit=1080%2C675&ssl=1\",\"width\":1080,\"height\":675},{\"@type\":\"BreadcrumbList\",\"@id\":\"https:\/\/www.bs-conseils.fr\/index.php\/2020\/10\/05\/le-marche-de-la-logistique-urbaine-en-france\/#breadcrumb\",\"itemListElement\":[{\"@type\":\"ListItem\",\"position\":1,\"name\":\"Accueil\",\"item\":\"https:\/\/www.bs-conseils.fr\/\"},{\"@type\":\"ListItem\",\"position\":2,\"name\":\"Le march\u00e9 de la logistique Urbaine en France\"}]},{\"@type\":\"WebSite\",\"@id\":\"https:\/\/www.bs-conseils.fr\/#website\",\"url\":\"https:\/\/www.bs-conseils.fr\/\",\"name\":\"BUSINESS STRAT\u00c9GIE CONSEILS\",\"description\":\"Conseils en strat\u00e9gie dernier kilom\u00e8tre et logistique urbaine omnicanale dans les secteurs du E-commerce, du Retail et du Transport \u00e9coresponsable\",\"publisher\":{\"@id\":\"https:\/\/www.bs-conseils.fr\/#organization\"},\"potentialAction\":[{\"@type\":\"SearchAction\",\"target\":{\"@type\":\"EntryPoint\",\"urlTemplate\":\"https:\/\/www.bs-conseils.fr\/?s={search_term_string}\"},\"query-input\":{\"@type\":\"PropertyValueSpecification\",\"valueRequired\":true,\"valueName\":\"search_term_string\"}}],\"inLanguage\":\"fr-FR\"},{\"@type\":\"Organization\",\"@id\":\"https:\/\/www.bs-conseils.fr\/#organization\",\"name\":\"BUSINESS STRAT\u00c9GIE CONSEILS\",\"url\":\"https:\/\/www.bs-conseils.fr\/\",\"logo\":{\"@type\":\"ImageObject\",\"inLanguage\":\"fr-FR\",\"@id\":\"https:\/\/www.bs-conseils.fr\/#\/schema\/logo\/image\/\",\"url\":\"https:\/\/i0.wp.com\/www.bs-conseils.fr\/wp-content\/uploads\/2020\/07\/image.jpg?fit=640%2C640&ssl=1\",\"contentUrl\":\"https:\/\/i0.wp.com\/www.bs-conseils.fr\/wp-content\/uploads\/2020\/07\/image.jpg?fit=640%2C640&ssl=1\",\"width\":640,\"height\":640,\"caption\":\"BUSINESS STRAT\u00c9GIE CONSEILS\"},\"image\":{\"@id\":\"https:\/\/www.bs-conseils.fr\/#\/schema\/logo\/image\/\"},\"sameAs\":[\"https:\/\/www.facebook.com\/BusinessStrategieConseils\/\",\"https:\/\/x.com\/brunosanlaville\",\"https:\/\/www.instagram.com\/bsc_conseils\/\",\"https:\/\/www.linkedin.com\/company\/11130594\/\"]},{\"@type\":\"Person\",\"@id\":\"https:\/\/www.bs-conseils.fr\/#\/schema\/person\/2eed1f901efa9089d23002098472379a\",\"name\":\"Bruno Sanlaville\",\"image\":{\"@type\":\"ImageObject\",\"inLanguage\":\"fr-FR\",\"@id\":\"https:\/\/www.bs-conseils.fr\/#\/schema\/person\/image\/\",\"url\":\"https:\/\/secure.gravatar.com\/avatar\/e4457440688fc10c2e14e0aefc093595f10c2482f2543d7e257108408c94786b?s=96&d=mm&r=g\",\"contentUrl\":\"https:\/\/secure.gravatar.com\/avatar\/e4457440688fc10c2e14e0aefc093595f10c2482f2543d7e257108408c94786b?s=96&d=mm&r=g\",\"caption\":\"Bruno Sanlaville\"},\"sameAs\":[\"http:\/\/www.bs-conseils.fr\",\"https:\/\/www.facebook.com\/BusinessStrategieConseils\/\",\"https:\/\/x.com\/brunosanlaville\"]}]}<\/script>\n<!-- \/ Yoast SEO plugin. -->","yoast_head_json":{"title":"Le march\u00e9 de la logistique Urbaine en France - BUSINESS STRAT\u00c9GIE CONSEILS","description":"Les chiffres cl\u00e9s du march\u00e9 de la logistique urbaine en France, du premier au dernier kilom\u00e8tre.","robots":{"index":"index","follow":"follow","max-snippet":"max-snippet:-1","max-image-preview":"max-image-preview:large","max-video-preview":"max-video-preview:-1"},"canonical":"https:\/\/www.bs-conseils.fr\/index.php\/2020\/10\/05\/le-marche-de-la-logistique-urbaine-en-france\/","og_locale":"fr_FR","og_type":"article","og_title":"Le march\u00e9 de la logistique Urbaine en France - BUSINESS STRAT\u00c9GIE CONSEILS","og_description":"Les chiffres cl\u00e9s du march\u00e9 de la logistique urbaine en France, du premier au dernier kilom\u00e8tre.","og_url":"https:\/\/www.bs-conseils.fr\/index.php\/2020\/10\/05\/le-marche-de-la-logistique-urbaine-en-france\/","og_site_name":"BUSINESS STRAT\u00c9GIE CONSEILS","article_publisher":"https:\/\/www.facebook.com\/BusinessStrategieConseils\/","article_author":"https:\/\/www.facebook.com\/BusinessStrategieConseils\/","article_published_time":"2020-10-05T19:57:06+00:00","article_modified_time":"2020-10-05T19:57:09+00:00","og_image":[{"width":1080,"height":675,"url":"https:\/\/i0.wp.com\/www.bs-conseils.fr\/wp-content\/uploads\/2020\/10\/citylog.jpg?fit=1080%2C675&ssl=1","type":"image\/jpeg"}],"author":"Bruno Sanlaville","twitter_card":"summary_large_image","twitter_creator":"@brunosanlaville","twitter_site":"@brunosanlaville","twitter_misc":{"\u00c9crit par":"Bruno Sanlaville","Dur\u00e9e de lecture estim\u00e9e":"1 minute"},"schema":{"@context":"https:\/\/schema.org","@graph":[{"@type":"Article","@id":"https:\/\/www.bs-conseils.fr\/index.php\/2020\/10\/05\/le-marche-de-la-logistique-urbaine-en-france\/#article","isPartOf":{"@id":"https:\/\/www.bs-conseils.fr\/index.php\/2020\/10\/05\/le-marche-de-la-logistique-urbaine-en-france\/"},"author":{"name":"Bruno Sanlaville","@id":"https:\/\/www.bs-conseils.fr\/#\/schema\/person\/2eed1f901efa9089d23002098472379a"},"headline":"Le march\u00e9 de la logistique Urbaine en France","datePublished":"2020-10-05T19:57:06+00:00","dateModified":"2020-10-05T19:57:09+00:00","mainEntityOfPage":{"@id":"https:\/\/www.bs-conseils.fr\/index.php\/2020\/10\/05\/le-marche-de-la-logistique-urbaine-en-france\/"},"wordCount":212,"commentCount":0,"publisher":{"@id":"https:\/\/www.bs-conseils.fr\/#organization"},"image":{"@id":"https:\/\/www.bs-conseils.fr\/index.php\/2020\/10\/05\/le-marche-de-la-logistique-urbaine-en-france\/#primaryimage"},"thumbnailUrl":"https:\/\/i0.wp.com\/www.bs-conseils.fr\/wp-content\/uploads\/2020\/10\/citylog.jpg?fit=1080%2C675&ssl=1","articleSection":["Actualit\u00e9","Livraison Urbaine","Logistique","Omnicanal","Transport"],"inLanguage":"fr-FR","potentialAction":[{"@type":"CommentAction","name":"Comment","target":["https:\/\/www.bs-conseils.fr\/index.php\/2020\/10\/05\/le-marche-de-la-logistique-urbaine-en-france\/#respond"]}]},{"@type":"WebPage","@id":"https:\/\/www.bs-conseils.fr\/index.php\/2020\/10\/05\/le-marche-de-la-logistique-urbaine-en-france\/","url":"https:\/\/www.bs-conseils.fr\/index.php\/2020\/10\/05\/le-marche-de-la-logistique-urbaine-en-france\/","name":"Le march\u00e9 de la logistique Urbaine en France - BUSINESS STRAT\u00c9GIE CONSEILS","isPartOf":{"@id":"https:\/\/www.bs-conseils.fr\/#website"},"primaryImageOfPage":{"@id":"https:\/\/www.bs-conseils.fr\/index.php\/2020\/10\/05\/le-marche-de-la-logistique-urbaine-en-france\/#primaryimage"},"image":{"@id":"https:\/\/www.bs-conseils.fr\/index.php\/2020\/10\/05\/le-marche-de-la-logistique-urbaine-en-france\/#primaryimage"},"thumbnailUrl":"https:\/\/i0.wp.com\/www.bs-conseils.fr\/wp-content\/uploads\/2020\/10\/citylog.jpg?fit=1080%2C675&ssl=1","datePublished":"2020-10-05T19:57:06+00:00","dateModified":"2020-10-05T19:57:09+00:00","description":"Les chiffres cl\u00e9s du march\u00e9 de la logistique urbaine en France, du premier au dernier kilom\u00e8tre.","breadcrumb":{"@id":"https:\/\/www.bs-conseils.fr\/index.php\/2020\/10\/05\/le-marche-de-la-logistique-urbaine-en-france\/#breadcrumb"},"inLanguage":"fr-FR","potentialAction":[{"@type":"ReadAction","target":["https:\/\/www.bs-conseils.fr\/index.php\/2020\/10\/05\/le-marche-de-la-logistique-urbaine-en-france\/"]}]},{"@type":"ImageObject","inLanguage":"fr-FR","@id":"https:\/\/www.bs-conseils.fr\/index.php\/2020\/10\/05\/le-marche-de-la-logistique-urbaine-en-france\/#primaryimage","url":"https:\/\/i0.wp.com\/www.bs-conseils.fr\/wp-content\/uploads\/2020\/10\/citylog.jpg?fit=1080%2C675&ssl=1","contentUrl":"https:\/\/i0.wp.com\/www.bs-conseils.fr\/wp-content\/uploads\/2020\/10\/citylog.jpg?fit=1080%2C675&ssl=1","width":1080,"height":675},{"@type":"BreadcrumbList","@id":"https:\/\/www.bs-conseils.fr\/index.php\/2020\/10\/05\/le-marche-de-la-logistique-urbaine-en-france\/#breadcrumb","itemListElement":[{"@type":"ListItem","position":1,"name":"Accueil","item":"https:\/\/www.bs-conseils.fr\/"},{"@type":"ListItem","position":2,"name":"Le march\u00e9 de la logistique Urbaine en France"}]},{"@type":"WebSite","@id":"https:\/\/www.bs-conseils.fr\/#website","url":"https:\/\/www.bs-conseils.fr\/","name":"BUSINESS STRAT\u00c9GIE CONSEILS","description":"Conseils en strat\u00e9gie dernier kilom\u00e8tre et logistique urbaine omnicanale dans les secteurs du E-commerce, du Retail et du Transport \u00e9coresponsable","publisher":{"@id":"https:\/\/www.bs-conseils.fr\/#organization"},"potentialAction":[{"@type":"SearchAction","target":{"@type":"EntryPoint","urlTemplate":"https:\/\/www.bs-conseils.fr\/?s={search_term_string}"},"query-input":{"@type":"PropertyValueSpecification","valueRequired":true,"valueName":"search_term_string"}}],"inLanguage":"fr-FR"},{"@type":"Organization","@id":"https:\/\/www.bs-conseils.fr\/#organization","name":"BUSINESS STRAT\u00c9GIE CONSEILS","url":"https:\/\/www.bs-conseils.fr\/","logo":{"@type":"ImageObject","inLanguage":"fr-FR","@id":"https:\/\/www.bs-conseils.fr\/#\/schema\/logo\/image\/","url":"https:\/\/i0.wp.com\/www.bs-conseils.fr\/wp-content\/uploads\/2020\/07\/image.jpg?fit=640%2C640&ssl=1","contentUrl":"https:\/\/i0.wp.com\/www.bs-conseils.fr\/wp-content\/uploads\/2020\/07\/image.jpg?fit=640%2C640&ssl=1","width":640,"height":640,"caption":"BUSINESS STRAT\u00c9GIE CONSEILS"},"image":{"@id":"https:\/\/www.bs-conseils.fr\/#\/schema\/logo\/image\/"},"sameAs":["https:\/\/www.facebook.com\/BusinessStrategieConseils\/","https:\/\/x.com\/brunosanlaville","https:\/\/www.instagram.com\/bsc_conseils\/","https:\/\/www.linkedin.com\/company\/11130594\/"]},{"@type":"Person","@id":"https:\/\/www.bs-conseils.fr\/#\/schema\/person\/2eed1f901efa9089d23002098472379a","name":"Bruno Sanlaville","image":{"@type":"ImageObject","inLanguage":"fr-FR","@id":"https:\/\/www.bs-conseils.fr\/#\/schema\/person\/image\/","url":"https:\/\/secure.gravatar.com\/avatar\/e4457440688fc10c2e14e0aefc093595f10c2482f2543d7e257108408c94786b?s=96&d=mm&r=g","contentUrl":"https:\/\/secure.gravatar.com\/avatar\/e4457440688fc10c2e14e0aefc093595f10c2482f2543d7e257108408c94786b?s=96&d=mm&r=g","caption":"Bruno Sanlaville"},"sameAs":["http:\/\/www.bs-conseils.fr","https:\/\/www.facebook.com\/BusinessStrategieConseils\/","https:\/\/x.com\/brunosanlaville"]}]}},"jetpack_publicize_connections":[],"jetpack_featured_media_url":"https:\/\/i0.wp.com\/www.bs-conseils.fr\/wp-content\/uploads\/2020\/10\/citylog.jpg?fit=1080%2C675&ssl=1","jetpack_sharing_enabled":true,"jetpack_shortlink":"https:\/\/wp.me\/p8OKKa-1oL","jetpack_likes_enabled":true,"jetpack-related-posts":[{"id":3721,"url":"https:\/\/www.bs-conseils.fr\/index.php\/2019\/05\/18\/logistique-urbaine-quels-defis-pour-les-e-commercants\/","url_meta":{"origin":5379,"position":0},"title":"LOGISTIQUE URBAINE : QUELS D\u00c9FIS POUR LES E-COMMER\u00c7ANTS ?","author":"Bruno Sanlaville","date":"18 mai 2019","format":false,"excerpt":"LOGISTIQUE URBAINE : QUELS D\u00c9FIS POUR LES E-COMMER\u00c7ANTS ? Article du blog de @RAJA_Emballages avec la participation de @LibeskindJerome @nicobreuil (@Stuart_Delivery) et moi (@VertChezVous). Merci \u00e0 @raja \ud83d\ude4fet @gaeloizel #Livraison #Ecommerce #DernierKM","rel":"","context":"Dans &quot;E-commerce&quot;","block_context":{"text":"E-commerce","link":"https:\/\/www.bs-conseils.fr\/index.php\/category\/e-commerce\/"},"img":{"alt_text":"","src":"https:\/\/i0.wp.com\/www.bs-conseils.fr\/wp-content\/uploads\/2019\/05\/autoroute.jpeg?fit=960%2C719&ssl=1&resize=350%2C200","width":350,"height":200,"srcset":"https:\/\/i0.wp.com\/www.bs-conseils.fr\/wp-content\/uploads\/2019\/05\/autoroute.jpeg?fit=960%2C719&ssl=1&resize=350%2C200 1x, https:\/\/i0.wp.com\/www.bs-conseils.fr\/wp-content\/uploads\/2019\/05\/autoroute.jpeg?fit=960%2C719&ssl=1&resize=525%2C300 1.5x, https:\/\/i0.wp.com\/www.bs-conseils.fr\/wp-content\/uploads\/2019\/05\/autoroute.jpeg?fit=960%2C719&ssl=1&resize=700%2C400 2x"},"classes":[]},{"id":3912,"url":"https:\/\/www.bs-conseils.fr\/index.php\/2019\/12\/21\/bruno-sanlaville-ou-la-passion-de-la-logistique-du-dernier-kilometre\/","url_meta":{"origin":5379,"position":1},"title":"Bruno Sanlaville, ou la passion de la logistique du dernier kilom\u00e8tre","author":"Bruno Sanlaville","date":"21 d\u00e9cembre 2019","format":false,"excerpt":"Bruno Sanlaville, ou la passion de la logistique du dernier kilom\u00e8tre. Parcours professionnel d'un sp\u00e9cialiste de la livraison du dernier kilom\u00e8tre.","rel":"","context":"Dans &quot;Actualit\u00e9&quot;","block_context":{"text":"Actualit\u00e9","link":"https:\/\/www.bs-conseils.fr\/index.php\/category\/actualite\/"},"img":{"alt_text":"","src":"https:\/\/i0.wp.com\/www.bs-conseils.fr\/wp-content\/uploads\/2019\/12\/logistique-dernier-kilometre-bruno-sanlaville.jpg?fit=1200%2C600&ssl=1&resize=350%2C200","width":350,"height":200,"srcset":"https:\/\/i0.wp.com\/www.bs-conseils.fr\/wp-content\/uploads\/2019\/12\/logistique-dernier-kilometre-bruno-sanlaville.jpg?fit=1200%2C600&ssl=1&resize=350%2C200 1x, https:\/\/i0.wp.com\/www.bs-conseils.fr\/wp-content\/uploads\/2019\/12\/logistique-dernier-kilometre-bruno-sanlaville.jpg?fit=1200%2C600&ssl=1&resize=525%2C300 1.5x, https:\/\/i0.wp.com\/www.bs-conseils.fr\/wp-content\/uploads\/2019\/12\/logistique-dernier-kilometre-bruno-sanlaville.jpg?fit=1200%2C600&ssl=1&resize=700%2C400 2x, https:\/\/i0.wp.com\/www.bs-conseils.fr\/wp-content\/uploads\/2019\/12\/logistique-dernier-kilometre-bruno-sanlaville.jpg?fit=1200%2C600&ssl=1&resize=1050%2C600 3x"},"classes":[]},{"id":2031,"url":"https:\/\/www.bs-conseils.fr\/index.php\/2017\/10\/17\/pourquoi-le-retail-doit-prendre-le-controle-du-dernier-kilometre\/","url_meta":{"origin":5379,"position":2},"title":"Pourquoi le retail doit prendre le contr\u00f4le du dernier kilom\u00e8tre","author":"Bruno Sanlaville","date":"17 octobre 2017","format":false,"excerpt":"Pourquoi le retail doit prendre le contr\u00f4le du dernier kilom\u00e8tre ? Le commerce \u00e9lectronique est d\u00e9sormais incontournable. Avec une croissance estim\u00e9e \u00e0 +15% en volume par an, les volumes devraient doubler d\u2019ici 5 ans. La cons\u00e9quence est une atomisation des flux avec de plus en plus de colis unitaires. Cette\u2026","rel":"","context":"Dans &quot;Actualit\u00e9&quot;","block_context":{"text":"Actualit\u00e9","link":"https:\/\/www.bs-conseils.fr\/index.php\/category\/actualite\/"},"img":{"alt_text":"bruno sanlaville BSC Business Strat\u00e9gie Conseils - Dernier kilom\u00e8tre E-commerce et Retail","src":"https:\/\/i0.wp.com\/www.bs-conseils.fr\/wp-content\/uploads\/2017\/10\/Retail_.jpg?fit=1200%2C655&ssl=1&resize=350%2C200","width":350,"height":200,"srcset":"https:\/\/i0.wp.com\/www.bs-conseils.fr\/wp-content\/uploads\/2017\/10\/Retail_.jpg?fit=1200%2C655&ssl=1&resize=350%2C200 1x, https:\/\/i0.wp.com\/www.bs-conseils.fr\/wp-content\/uploads\/2017\/10\/Retail_.jpg?fit=1200%2C655&ssl=1&resize=525%2C300 1.5x, https:\/\/i0.wp.com\/www.bs-conseils.fr\/wp-content\/uploads\/2017\/10\/Retail_.jpg?fit=1200%2C655&ssl=1&resize=700%2C400 2x, https:\/\/i0.wp.com\/www.bs-conseils.fr\/wp-content\/uploads\/2017\/10\/Retail_.jpg?fit=1200%2C655&ssl=1&resize=1050%2C600 3x"},"classes":[]},{"id":3349,"url":"https:\/\/www.bs-conseils.fr\/index.php\/2018\/06\/27\/b2c-chiffres-cles-du-e-commerce-en-france-2018\/","url_meta":{"origin":5379,"position":3},"title":"B2C : Chiffres cl\u00e9s du e-commerce en France 2018","author":"Bruno Sanlaville","date":"27 juin 2018","format":false,"excerpt":"La FEVAD a publi\u00e9 les chiffres du e-commerce en France en 2017-2018. Il s\u2019agit comme tous les ans d\u2019un \u00e9tat des lieux complet de la situation en France et en Europe (B2C et B2B). La croissance du e-commerce aux particuliers s'est maintenue en 2017 notamment sous l'effet d'une augmentation de\u2026","rel":"","context":"Dans &quot;Actualit\u00e9&quot;","block_context":{"text":"Actualit\u00e9","link":"https:\/\/www.bs-conseils.fr\/index.php\/category\/actualite\/"},"img":{"alt_text":"bruno sanlaville BSC Business Strat\u00e9gie Conseils - Dernier kilom\u00e8tre E-commerce et Retail","src":"https:\/\/i0.wp.com\/www.bs-conseils.fr\/wp-content\/uploads\/2017\/07\/ecommerce2016.jpg?fit=895%2C597&ssl=1&resize=350%2C200","width":350,"height":200,"srcset":"https:\/\/i0.wp.com\/www.bs-conseils.fr\/wp-content\/uploads\/2017\/07\/ecommerce2016.jpg?fit=895%2C597&ssl=1&resize=350%2C200 1x, https:\/\/i0.wp.com\/www.bs-conseils.fr\/wp-content\/uploads\/2017\/07\/ecommerce2016.jpg?fit=895%2C597&ssl=1&resize=525%2C300 1.5x, https:\/\/i0.wp.com\/www.bs-conseils.fr\/wp-content\/uploads\/2017\/07\/ecommerce2016.jpg?fit=895%2C597&ssl=1&resize=700%2C400 2x"},"classes":[]},{"id":4012,"url":"https:\/\/www.bs-conseils.fr\/index.php\/2020\/03\/05\/les-idees-recues-sur-la-logistique-urbaine\/","url_meta":{"origin":5379,"position":4},"title":"Les id\u00e9es re\u00e7ues sur la logistique urbaine","author":"Bruno Sanlaville","date":"5 mars 2020","format":false,"excerpt":"5\ufe0f\u20e3 id\u00e9es re\u00e7ues sur la logistique urbaine. Les v\u00e9hicule \u00e9lectrique, les embouteillages, l'environnement, les camions vs utilitaires... les r\u00e9ponses en claires :","rel":"","context":"Dans &quot;Actualit\u00e9&quot;","block_context":{"text":"Actualit\u00e9","link":"https:\/\/www.bs-conseils.fr\/index.php\/category\/actualite\/"},"img":{"alt_text":"","src":"https:\/\/i0.wp.com\/www.bs-conseils.fr\/wp-content\/uploads\/2020\/03\/liv-centre-ville.jpg?fit=1024%2C576&ssl=1&resize=350%2C200","width":350,"height":200,"srcset":"https:\/\/i0.wp.com\/www.bs-conseils.fr\/wp-content\/uploads\/2020\/03\/liv-centre-ville.jpg?fit=1024%2C576&ssl=1&resize=350%2C200 1x, https:\/\/i0.wp.com\/www.bs-conseils.fr\/wp-content\/uploads\/2020\/03\/liv-centre-ville.jpg?fit=1024%2C576&ssl=1&resize=525%2C300 1.5x, https:\/\/i0.wp.com\/www.bs-conseils.fr\/wp-content\/uploads\/2020\/03\/liv-centre-ville.jpg?fit=1024%2C576&ssl=1&resize=700%2C400 2x"},"classes":[]},{"id":2925,"url":"https:\/\/www.bs-conseils.fr\/index.php\/2017\/12\/06\/amazon-vs-uber-les-deux-geants-qui-revolutionnent-la-logistique\/","url_meta":{"origin":5379,"position":5},"title":"Amazon vs. Uber,  les deux g\u00e9ants qui r\u00e9volutionnent la logistique","author":"Bruno Sanlaville","date":"6 d\u00e9cembre 2017","format":false,"excerpt":"Voitures et camions autonomes, drones de livraison, services sur demande\u2026La logistique est en train de changer.\u00a0Uber et Amazon veulent r\u00e9volutionner la logistique D\u00e9couvrez comment Uber et Amazon r\u00e9volutionnent ce march\u00e9 estim\u00e9 \u00e0 6,9 billion \u20ac.\u00a0Uber et Amazon veulent r\u00e9volutionner la logistique\u00a0 ?\u00a0Infographie Uber et Amazon veulent r\u00e9volutionner la logistique Infographie\u2026","rel":"","context":"Dans &quot;E-commerce&quot;","block_context":{"text":"E-commerce","link":"https:\/\/www.bs-conseils.fr\/index.php\/category\/e-commerce\/"},"img":{"alt_text":"bruno sanlaville BSC Business Strat\u00e9gie Conseils - Dernier kilom\u00e8tre E-commerce et Retail","src":"https:\/\/i0.wp.com\/www.bs-conseils.fr\/wp-content\/uploads\/2017\/12\/uber-vs-Amazon-e1512558817240.png?fit=1200%2C606&ssl=1&resize=350%2C200","width":350,"height":200,"srcset":"https:\/\/i0.wp.com\/www.bs-conseils.fr\/wp-content\/uploads\/2017\/12\/uber-vs-Amazon-e1512558817240.png?fit=1200%2C606&ssl=1&resize=350%2C200 1x, https:\/\/i0.wp.com\/www.bs-conseils.fr\/wp-content\/uploads\/2017\/12\/uber-vs-Amazon-e1512558817240.png?fit=1200%2C606&ssl=1&resize=525%2C300 1.5x, https:\/\/i0.wp.com\/www.bs-conseils.fr\/wp-content\/uploads\/2017\/12\/uber-vs-Amazon-e1512558817240.png?fit=1200%2C606&ssl=1&resize=700%2C400 2x, https:\/\/i0.wp.com\/www.bs-conseils.fr\/wp-content\/uploads\/2017\/12\/uber-vs-Amazon-e1512558817240.png?fit=1200%2C606&ssl=1&resize=1050%2C600 3x"},"classes":[]}],"amp_enabled":true,"_links":{"self":[{"href":"https:\/\/www.bs-conseils.fr\/index.php\/wp-json\/wp\/v2\/posts\/5379","targetHints":{"allow":["GET"]}}],"collection":[{"href":"https:\/\/www.bs-conseils.fr\/index.php\/wp-json\/wp\/v2\/posts"}],"about":[{"href":"https:\/\/www.bs-conseils.fr\/index.php\/wp-json\/wp\/v2\/types\/post"}],"author":[{"embeddable":true,"href":"https:\/\/www.bs-conseils.fr\/index.php\/wp-json\/wp\/v2\/users\/1"}],"replies":[{"embeddable":true,"href":"https:\/\/www.bs-conseils.fr\/index.php\/wp-json\/wp\/v2\/comments?post=5379"}],"version-history":[{"count":3,"href":"https:\/\/www.bs-conseils.fr\/index.php\/wp-json\/wp\/v2\/posts\/5379\/revisions"}],"predecessor-version":[{"id":5384,"href":"https:\/\/www.bs-conseils.fr\/index.php\/wp-json\/wp\/v2\/posts\/5379\/revisions\/5384"}],"wp:featuredmedia":[{"embeddable":true,"href":"https:\/\/www.bs-conseils.fr\/index.php\/wp-json\/wp\/v2\/media\/5382"}],"wp:attachment":[{"href":"https:\/\/www.bs-conseils.fr\/index.php\/wp-json\/wp\/v2\/media?parent=5379"}],"wp:term":[{"taxonomy":"category","embeddable":true,"href":"https:\/\/www.bs-conseils.fr\/index.php\/wp-json\/wp\/v2\/categories?post=5379"},{"taxonomy":"post_tag","embeddable":true,"href":"https:\/\/www.bs-conseils.fr\/index.php\/wp-json\/wp\/v2\/tags?post=5379"}],"curies":[{"name":"wp","href":"https:\/\/api.w.org\/{rel}","templated":true}]}}