{"id":5412,"date":"2020-10-31T22:47:00","date_gmt":"2020-10-31T21:47:00","guid":{"rendered":"https:\/\/www.bs-conseils.fr\/?p=5412"},"modified":"2020-10-31T22:47:06","modified_gmt":"2020-10-31T21:47:06","slug":"la-logistique-urbaine-face-aux-defis-economiques-et-environnementaux","status":"publish","type":"post","link":"https:\/\/www.bs-conseils.fr\/index.php\/2020\/10\/31\/la-logistique-urbaine-face-aux-defis-economiques-et-environnementaux\/","title":{"rendered":"La logistique urbaine face aux d\u00e9fis \u00e9conomiques et environnementaux"},"content":{"rendered":"\n<p class=\"has-text-align-justify\">Congestion des centres villes, offre fonci\u00e8re limit\u00e9e, explosion des volumes li\u00e9s au e-commerce, multiplication des restrictions et des contraintes de circulation, insatisfaction et mont\u00e9e de l&rsquo;exigence des consommateurs \u00e0 l\u2019\u00e9gard des services de livraison\u2026 En mati\u00e8re de logistique urbaine, ce sont quelques-unes des \u00e9cueils auxquels sont confront\u00e9s les professionnels de la logistique, du transport et des syst\u00e8mes d\u2019information. Optimiser l\u2019efficience de cette logistique urbaine n\u2019est pas chose impossible pour autant. C\u2019est ce qui ressort d\u2019un livre blanc publi\u00e9 par le logisticien <strong><span class=\"has-inline-color has-vivid-cyan-blue-color\">FM Logistic<\/span><\/strong> et <strong><span class=\"has-inline-color has-luminous-vivid-amber-color\">le cabinet de conseil Roland Berger<\/span><\/strong> (\u2018<em>La logistique urbaine face aux d\u00e9fis \u00e9conomiques et environnementaux<\/em>\u2019). <\/p>\n\n\n\n<h3 class=\"wp-block-heading\">1\ufe0f\u20e3 Optimisation des flux <\/h3>\n\n\n\n<p class=\"has-text-align-justify\">\ud83d\udccd<strong>Optimiser les flux par une coop\u00e9ration accrue entre professionnels du secteur et entre acteurs publics et priv\u00e9s.<\/strong> Comment ? FM Logistic et Roland Berger estiment qu\u2019il convient d\u2019abord <strong>d\u2019\u00e9tablir des normes communes<\/strong>, qu\u2019il s\u2019agisse de r\u00e8gles relatives aux dimensions des colis pour faciliter leur agencement, de la d\u00e9finition d\u2019une poli\u00adtique partag\u00e9e d\u2019utilisation des donn\u00e9es ou encore de la standardi\u00adsation des normes au niveau europ\u00e9en pour d\u00e9finir des r\u00e8gles du jeu communautaires. <\/p>\n\n\n\n<h3 class=\"wp-block-heading\">2\ufe0f\u20e3 Cr\u00e9er un \u00e9cosyst\u00e8me mutualis\u00e9 <\/h3>\n\n\n\n<p class=\"has-text-align-justify\">\ud83d\udccd<strong>Faire sauter les modes de fonctionnement en silos <\/strong>afin de <strong>cr\u00e9er un \u00e9cosyst\u00e8me logistique plus efficace,<\/strong> et d\u2019autre part, de repenser les espaces logistiques existants.\u00a0<em>\u00ab Un \u00e9cosyst\u00e8me mu\u00adtualis\u00e9 entre transporteurs logisticiens, clients chargeurs et r\u00e9gulateurs permettra de d\u00e9congestionner les villes en limitant les flux et en maximisant l\u2019utilisation des moyens comme les infrastructures et les services de gestion des emballages \u00bb,<\/em>\u00a0note le document. C\u00f4t\u00e9 espaces logistiques, il conviendrait de les exploiter d\u2019une nouvelle fa\u00e7on.\u00a0<em>\u00ab Les entreprises logis\u00adtiques pourraient d\u00e9velopper des centres de distribution mobiles, emprunter les voies r\u00e9serv\u00e9es aux bus inutili\u00ads\u00e9es la nuit pour d\u00e9charger la cargaison ou encore d\u00e9ve\u00adlopper des points de ramassage en libre-service pour conqu\u00e9rir le c\u0153ur urbain \u00bb<\/em>, sugg\u00e8re le livre blanc. <\/p>\n\n\n\n<h3 class=\"wp-block-heading\">3\ufe0f\u20e3 Investir dans les nouvelles technologie d&rsquo;orchestration<\/h3>\n\n\n\n<p class=\"has-text-align-justify\">\ud83d\udccdAutant d\u2019\u00e9volutions qui n\u00e9cessiteront de la part des acteurs de la logistique urbaine <strong>d\u2019investir dans les nouvelles technologies<\/strong>, notamment celles destin\u00e9es au partage de donn\u00e9es et \u00e0 l\u2019automatisation des stocks. La priorit\u00e9 donn\u00e9e \u00e0 la rapidit\u00e9, la fiabilit\u00e9, et l\u2019atteinte d\u2019un \u00e9quilibre \u00e9cono\u00admique pour les acteurs ne peut passer que par l<strong>\u2019adop\u00adtion de technologies d\u2019automatisation<\/strong>, plus denses et plus agiles, port\u00e9es par des OMS puissants, avec un imp\u00e9ratif d\u2019interop\u00e9rabilit\u00e9 pour <strong>garantir la bonne orchestration de l\u2019ensemble<\/strong>.<\/p>\n\n\n\n<hr class=\"wp-block-separator\"\/>\n\n\n\n<h2 class=\"wp-block-heading\">\ud83d\udcda Le livre blanc de <strong>FM Logistic<\/strong> et <strong>du cabinet de conseil Roland Berger<\/strong> \ud83d\udc47<\/h2>\n\n\n<a href=\"https:\/\/www.bs-conseils.fr\/wp-content\/uploads\/2020\/10\/2020_Oct_Logistique-urbaine_Etude-Roland-Berger-FM-Logistic.pdf\" class=\"pdfemb-viewer\" style=\"\" data-width=\"max\" data-height=\"max\" data-toolbar=\"bottom\" data-toolbar-fixed=\"on\">2020_Oct_Logistique-urbaine_Etude-Roland-Berger-FM-Logistic<\/a>\n<p class=\"wp-block-pdfemb-pdf-embedder-viewer\"><\/p>\n\n\n\n<p><\/p>\n","protected":false},"excerpt":{"rendered":"<p>La logistique urbaine face aux d\u00e9fis \u00e9conomiques et environnementaux. Livre blanc \u00e0 l&rsquo;initiative de FM Logistique et le cabinet de conseil Roland Berger<\/p>\n","protected":false},"author":1,"featured_media":5415,"comment_status":"open","ping_status":"open","sticky":false,"template":"","format":"standard","meta":{"content-type":"","jetpack_post_was_ever_published":false,"_jetpack_newsletter_access":"","_jetpack_dont_email_post_to_subs":false,"_jetpack_newsletter_tier_id":0,"_jetpack_memberships_contains_paywalled_content":false,"_jetpack_memberships_contains_paid_content":false,"_joinchat":[],"footnotes":"","jetpack_publicize_message":"La #logistiqueUrbaine face aux d\u00e9fis \u00e9conomiques et environnementaux. \ud83d\udcda de @FMLogistic et @BergerParis. \nLes axes prioritaires :\n\ud83d\udccd Optimisation des flux\n\ud83d\udccd Cr\u00e9ation d'un \u00e9cosyst\u00e8me mutualis\u00e9\n\ud83d\udccd Nouvelles technologie d'orchestration\n#DernierKM \ud83d\udce6 \ud83d\ude9b \ud83c\udf3f","jetpack_publicize_feature_enabled":true,"jetpack_social_post_already_shared":true,"jetpack_social_options":{"image_generator_settings":{"template":"highway","default_image_id":0,"font":"","enabled":false},"version":2}},"categories":[7,4,109,6,121,120,105,24],"tags":[],"class_list":["post-5412","post","type-post","status-publish","format-standard","has-post-thumbnail","hentry","category-actualite","category-e-commerce","category-ecologie","category-livraison-urbaine","category-logistique","category-omnicanal","category-retail","category-transport"],"yoast_head":"<!-- This site is optimized with the Yoast SEO plugin v24.9 - https:\/\/yoast.com\/wordpress\/plugins\/seo\/ -->\n<title>La logistique urbaine face aux d\u00e9fis \u00e9conomiques et environnementaux - BUSINESS STRAT\u00c9GIE CONSEILS<\/title>\n<meta name=\"description\" content=\"La logistique urbaine face aux d\u00e9fis \u00e9conomiques et environnementaux. Livre blanc publi\u00e9 par FM Logistique et le cabinet de conseil Roland Berger.\" \/>\n<meta name=\"robots\" content=\"index, follow, max-snippet:-1, max-image-preview:large, max-video-preview:-1\" \/>\n<link rel=\"canonical\" href=\"https:\/\/www.bs-conseils.fr\/index.php\/2020\/10\/31\/la-logistique-urbaine-face-aux-defis-economiques-et-environnementaux\/\" \/>\n<meta property=\"og:locale\" content=\"fr_FR\" \/>\n<meta property=\"og:type\" content=\"article\" \/>\n<meta property=\"og:title\" content=\"La logistique urbaine face aux d\u00e9fis \u00e9conomiques et environnementaux - BUSINESS STRAT\u00c9GIE CONSEILS\" \/>\n<meta property=\"og:description\" content=\"La logistique urbaine face aux d\u00e9fis \u00e9conomiques et environnementaux. Livre blanc publi\u00e9 par FM Logistique et le cabinet de conseil Roland Berger.\" \/>\n<meta property=\"og:url\" content=\"https:\/\/www.bs-conseils.fr\/index.php\/2020\/10\/31\/la-logistique-urbaine-face-aux-defis-economiques-et-environnementaux\/\" \/>\n<meta property=\"og:site_name\" content=\"BUSINESS STRAT\u00c9GIE CONSEILS\" \/>\n<meta property=\"article:publisher\" content=\"https:\/\/www.facebook.com\/BusinessStrategieConseils\/\" \/>\n<meta property=\"article:author\" content=\"https:\/\/www.facebook.com\/BusinessStrategieConseils\/\" \/>\n<meta property=\"article:published_time\" content=\"2020-10-31T21:47:00+00:00\" \/>\n<meta property=\"article:modified_time\" content=\"2020-10-31T21:47:06+00:00\" \/>\n<meta property=\"og:image\" content=\"https:\/\/i0.wp.com\/www.bs-conseils.fr\/wp-content\/uploads\/2020\/10\/Capture-de\u0301cran-2020-10-31-a\u0300-22.16.25.png?fit=2348%2C1426&ssl=1\" \/>\n\t<meta property=\"og:image:width\" content=\"2348\" \/>\n\t<meta property=\"og:image:height\" content=\"1426\" \/>\n\t<meta property=\"og:image:type\" content=\"image\/png\" \/>\n<meta name=\"author\" content=\"Bruno Sanlaville\" \/>\n<meta name=\"twitter:card\" content=\"summary_large_image\" \/>\n<meta name=\"twitter:creator\" content=\"@brunosanlaville\" \/>\n<meta name=\"twitter:site\" content=\"@brunosanlaville\" \/>\n<meta name=\"twitter:label1\" content=\"\u00c9crit par\" \/>\n\t<meta name=\"twitter:data1\" content=\"Bruno Sanlaville\" \/>\n\t<meta name=\"twitter:label2\" content=\"Dur\u00e9e de lecture estim\u00e9e\" \/>\n\t<meta name=\"twitter:data2\" content=\"2 minutes\" \/>\n<script type=\"application\/ld+json\" class=\"yoast-schema-graph\">{\"@context\":\"https:\/\/schema.org\",\"@graph\":[{\"@type\":\"Article\",\"@id\":\"https:\/\/www.bs-conseils.fr\/index.php\/2020\/10\/31\/la-logistique-urbaine-face-aux-defis-economiques-et-environnementaux\/#article\",\"isPartOf\":{\"@id\":\"https:\/\/www.bs-conseils.fr\/index.php\/2020\/10\/31\/la-logistique-urbaine-face-aux-defis-economiques-et-environnementaux\/\"},\"author\":{\"name\":\"Bruno Sanlaville\",\"@id\":\"https:\/\/www.bs-conseils.fr\/#\/schema\/person\/2eed1f901efa9089d23002098472379a\"},\"headline\":\"La logistique urbaine face aux d\u00e9fis \u00e9conomiques et environnementaux\",\"datePublished\":\"2020-10-31T21:47:00+00:00\",\"dateModified\":\"2020-10-31T21:47:06+00:00\",\"mainEntityOfPage\":{\"@id\":\"https:\/\/www.bs-conseils.fr\/index.php\/2020\/10\/31\/la-logistique-urbaine-face-aux-defis-economiques-et-environnementaux\/\"},\"wordCount\":468,\"commentCount\":0,\"publisher\":{\"@id\":\"https:\/\/www.bs-conseils.fr\/#organization\"},\"image\":{\"@id\":\"https:\/\/www.bs-conseils.fr\/index.php\/2020\/10\/31\/la-logistique-urbaine-face-aux-defis-economiques-et-environnementaux\/#primaryimage\"},\"thumbnailUrl\":\"https:\/\/i0.wp.com\/www.bs-conseils.fr\/wp-content\/uploads\/2020\/10\/Capture-de%CC%81cran-2020-10-31-a%CC%80-22.16.25.png?fit=2348%2C1426&ssl=1\",\"articleSection\":[\"Actualit\u00e9\",\"E-commerce\",\"Ecologie\",\"Livraison Urbaine\",\"Logistique\",\"Omnicanal\",\"Retail\",\"Transport\"],\"inLanguage\":\"fr-FR\",\"potentialAction\":[{\"@type\":\"CommentAction\",\"name\":\"Comment\",\"target\":[\"https:\/\/www.bs-conseils.fr\/index.php\/2020\/10\/31\/la-logistique-urbaine-face-aux-defis-economiques-et-environnementaux\/#respond\"]}]},{\"@type\":\"WebPage\",\"@id\":\"https:\/\/www.bs-conseils.fr\/index.php\/2020\/10\/31\/la-logistique-urbaine-face-aux-defis-economiques-et-environnementaux\/\",\"url\":\"https:\/\/www.bs-conseils.fr\/index.php\/2020\/10\/31\/la-logistique-urbaine-face-aux-defis-economiques-et-environnementaux\/\",\"name\":\"La logistique urbaine face aux d\u00e9fis \u00e9conomiques et environnementaux - BUSINESS STRAT\u00c9GIE CONSEILS\",\"isPartOf\":{\"@id\":\"https:\/\/www.bs-conseils.fr\/#website\"},\"primaryImageOfPage\":{\"@id\":\"https:\/\/www.bs-conseils.fr\/index.php\/2020\/10\/31\/la-logistique-urbaine-face-aux-defis-economiques-et-environnementaux\/#primaryimage\"},\"image\":{\"@id\":\"https:\/\/www.bs-conseils.fr\/index.php\/2020\/10\/31\/la-logistique-urbaine-face-aux-defis-economiques-et-environnementaux\/#primaryimage\"},\"thumbnailUrl\":\"https:\/\/i0.wp.com\/www.bs-conseils.fr\/wp-content\/uploads\/2020\/10\/Capture-de%CC%81cran-2020-10-31-a%CC%80-22.16.25.png?fit=2348%2C1426&ssl=1\",\"datePublished\":\"2020-10-31T21:47:00+00:00\",\"dateModified\":\"2020-10-31T21:47:06+00:00\",\"description\":\"La logistique urbaine face aux d\u00e9fis \u00e9conomiques et environnementaux. Livre blanc publi\u00e9 par FM Logistique et le cabinet de conseil Roland Berger.\",\"breadcrumb\":{\"@id\":\"https:\/\/www.bs-conseils.fr\/index.php\/2020\/10\/31\/la-logistique-urbaine-face-aux-defis-economiques-et-environnementaux\/#breadcrumb\"},\"inLanguage\":\"fr-FR\",\"potentialAction\":[{\"@type\":\"ReadAction\",\"target\":[\"https:\/\/www.bs-conseils.fr\/index.php\/2020\/10\/31\/la-logistique-urbaine-face-aux-defis-economiques-et-environnementaux\/\"]}]},{\"@type\":\"ImageObject\",\"inLanguage\":\"fr-FR\",\"@id\":\"https:\/\/www.bs-conseils.fr\/index.php\/2020\/10\/31\/la-logistique-urbaine-face-aux-defis-economiques-et-environnementaux\/#primaryimage\",\"url\":\"https:\/\/i0.wp.com\/www.bs-conseils.fr\/wp-content\/uploads\/2020\/10\/Capture-de%CC%81cran-2020-10-31-a%CC%80-22.16.25.png?fit=2348%2C1426&ssl=1\",\"contentUrl\":\"https:\/\/i0.wp.com\/www.bs-conseils.fr\/wp-content\/uploads\/2020\/10\/Capture-de%CC%81cran-2020-10-31-a%CC%80-22.16.25.png?fit=2348%2C1426&ssl=1\",\"width\":2348,\"height\":1426},{\"@type\":\"BreadcrumbList\",\"@id\":\"https:\/\/www.bs-conseils.fr\/index.php\/2020\/10\/31\/la-logistique-urbaine-face-aux-defis-economiques-et-environnementaux\/#breadcrumb\",\"itemListElement\":[{\"@type\":\"ListItem\",\"position\":1,\"name\":\"Accueil\",\"item\":\"https:\/\/www.bs-conseils.fr\/\"},{\"@type\":\"ListItem\",\"position\":2,\"name\":\"La logistique urbaine face aux d\u00e9fis \u00e9conomiques et environnementaux\"}]},{\"@type\":\"WebSite\",\"@id\":\"https:\/\/www.bs-conseils.fr\/#website\",\"url\":\"https:\/\/www.bs-conseils.fr\/\",\"name\":\"BUSINESS STRAT\u00c9GIE CONSEILS\",\"description\":\"Conseils en strat\u00e9gie dernier kilom\u00e8tre et logistique urbaine omnicanale dans les secteurs du E-commerce, du Retail et du Transport \u00e9coresponsable\",\"publisher\":{\"@id\":\"https:\/\/www.bs-conseils.fr\/#organization\"},\"potentialAction\":[{\"@type\":\"SearchAction\",\"target\":{\"@type\":\"EntryPoint\",\"urlTemplate\":\"https:\/\/www.bs-conseils.fr\/?s={search_term_string}\"},\"query-input\":{\"@type\":\"PropertyValueSpecification\",\"valueRequired\":true,\"valueName\":\"search_term_string\"}}],\"inLanguage\":\"fr-FR\"},{\"@type\":\"Organization\",\"@id\":\"https:\/\/www.bs-conseils.fr\/#organization\",\"name\":\"BUSINESS STRAT\u00c9GIE CONSEILS\",\"url\":\"https:\/\/www.bs-conseils.fr\/\",\"logo\":{\"@type\":\"ImageObject\",\"inLanguage\":\"fr-FR\",\"@id\":\"https:\/\/www.bs-conseils.fr\/#\/schema\/logo\/image\/\",\"url\":\"https:\/\/i0.wp.com\/www.bs-conseils.fr\/wp-content\/uploads\/2020\/07\/image.jpg?fit=640%2C640&ssl=1\",\"contentUrl\":\"https:\/\/i0.wp.com\/www.bs-conseils.fr\/wp-content\/uploads\/2020\/07\/image.jpg?fit=640%2C640&ssl=1\",\"width\":640,\"height\":640,\"caption\":\"BUSINESS STRAT\u00c9GIE CONSEILS\"},\"image\":{\"@id\":\"https:\/\/www.bs-conseils.fr\/#\/schema\/logo\/image\/\"},\"sameAs\":[\"https:\/\/www.facebook.com\/BusinessStrategieConseils\/\",\"https:\/\/x.com\/brunosanlaville\",\"https:\/\/www.instagram.com\/bsc_conseils\/\",\"https:\/\/www.linkedin.com\/company\/11130594\/\"]},{\"@type\":\"Person\",\"@id\":\"https:\/\/www.bs-conseils.fr\/#\/schema\/person\/2eed1f901efa9089d23002098472379a\",\"name\":\"Bruno Sanlaville\",\"image\":{\"@type\":\"ImageObject\",\"inLanguage\":\"fr-FR\",\"@id\":\"https:\/\/www.bs-conseils.fr\/#\/schema\/person\/image\/\",\"url\":\"https:\/\/secure.gravatar.com\/avatar\/e4457440688fc10c2e14e0aefc093595f10c2482f2543d7e257108408c94786b?s=96&d=mm&r=g\",\"contentUrl\":\"https:\/\/secure.gravatar.com\/avatar\/e4457440688fc10c2e14e0aefc093595f10c2482f2543d7e257108408c94786b?s=96&d=mm&r=g\",\"caption\":\"Bruno Sanlaville\"},\"sameAs\":[\"http:\/\/www.bs-conseils.fr\",\"https:\/\/www.facebook.com\/BusinessStrategieConseils\/\",\"https:\/\/x.com\/brunosanlaville\"]}]}<\/script>\n<!-- \/ Yoast SEO plugin. -->","yoast_head_json":{"title":"La logistique urbaine face aux d\u00e9fis \u00e9conomiques et environnementaux - BUSINESS STRAT\u00c9GIE CONSEILS","description":"La logistique urbaine face aux d\u00e9fis \u00e9conomiques et environnementaux. Livre blanc publi\u00e9 par FM Logistique et le cabinet de conseil Roland Berger.","robots":{"index":"index","follow":"follow","max-snippet":"max-snippet:-1","max-image-preview":"max-image-preview:large","max-video-preview":"max-video-preview:-1"},"canonical":"https:\/\/www.bs-conseils.fr\/index.php\/2020\/10\/31\/la-logistique-urbaine-face-aux-defis-economiques-et-environnementaux\/","og_locale":"fr_FR","og_type":"article","og_title":"La logistique urbaine face aux d\u00e9fis \u00e9conomiques et environnementaux - BUSINESS STRAT\u00c9GIE CONSEILS","og_description":"La logistique urbaine face aux d\u00e9fis \u00e9conomiques et environnementaux. Livre blanc publi\u00e9 par FM Logistique et le cabinet de conseil Roland Berger.","og_url":"https:\/\/www.bs-conseils.fr\/index.php\/2020\/10\/31\/la-logistique-urbaine-face-aux-defis-economiques-et-environnementaux\/","og_site_name":"BUSINESS STRAT\u00c9GIE CONSEILS","article_publisher":"https:\/\/www.facebook.com\/BusinessStrategieConseils\/","article_author":"https:\/\/www.facebook.com\/BusinessStrategieConseils\/","article_published_time":"2020-10-31T21:47:00+00:00","article_modified_time":"2020-10-31T21:47:06+00:00","og_image":[{"width":2348,"height":1426,"url":"https:\/\/i0.wp.com\/www.bs-conseils.fr\/wp-content\/uploads\/2020\/10\/Capture-de\u0301cran-2020-10-31-a\u0300-22.16.25.png?fit=2348%2C1426&ssl=1","type":"image\/png"}],"author":"Bruno Sanlaville","twitter_card":"summary_large_image","twitter_creator":"@brunosanlaville","twitter_site":"@brunosanlaville","twitter_misc":{"\u00c9crit par":"Bruno Sanlaville","Dur\u00e9e de lecture estim\u00e9e":"2 minutes"},"schema":{"@context":"https:\/\/schema.org","@graph":[{"@type":"Article","@id":"https:\/\/www.bs-conseils.fr\/index.php\/2020\/10\/31\/la-logistique-urbaine-face-aux-defis-economiques-et-environnementaux\/#article","isPartOf":{"@id":"https:\/\/www.bs-conseils.fr\/index.php\/2020\/10\/31\/la-logistique-urbaine-face-aux-defis-economiques-et-environnementaux\/"},"author":{"name":"Bruno Sanlaville","@id":"https:\/\/www.bs-conseils.fr\/#\/schema\/person\/2eed1f901efa9089d23002098472379a"},"headline":"La logistique urbaine face aux d\u00e9fis \u00e9conomiques et environnementaux","datePublished":"2020-10-31T21:47:00+00:00","dateModified":"2020-10-31T21:47:06+00:00","mainEntityOfPage":{"@id":"https:\/\/www.bs-conseils.fr\/index.php\/2020\/10\/31\/la-logistique-urbaine-face-aux-defis-economiques-et-environnementaux\/"},"wordCount":468,"commentCount":0,"publisher":{"@id":"https:\/\/www.bs-conseils.fr\/#organization"},"image":{"@id":"https:\/\/www.bs-conseils.fr\/index.php\/2020\/10\/31\/la-logistique-urbaine-face-aux-defis-economiques-et-environnementaux\/#primaryimage"},"thumbnailUrl":"https:\/\/i0.wp.com\/www.bs-conseils.fr\/wp-content\/uploads\/2020\/10\/Capture-de%CC%81cran-2020-10-31-a%CC%80-22.16.25.png?fit=2348%2C1426&ssl=1","articleSection":["Actualit\u00e9","E-commerce","Ecologie","Livraison Urbaine","Logistique","Omnicanal","Retail","Transport"],"inLanguage":"fr-FR","potentialAction":[{"@type":"CommentAction","name":"Comment","target":["https:\/\/www.bs-conseils.fr\/index.php\/2020\/10\/31\/la-logistique-urbaine-face-aux-defis-economiques-et-environnementaux\/#respond"]}]},{"@type":"WebPage","@id":"https:\/\/www.bs-conseils.fr\/index.php\/2020\/10\/31\/la-logistique-urbaine-face-aux-defis-economiques-et-environnementaux\/","url":"https:\/\/www.bs-conseils.fr\/index.php\/2020\/10\/31\/la-logistique-urbaine-face-aux-defis-economiques-et-environnementaux\/","name":"La logistique urbaine face aux d\u00e9fis \u00e9conomiques et environnementaux - BUSINESS STRAT\u00c9GIE CONSEILS","isPartOf":{"@id":"https:\/\/www.bs-conseils.fr\/#website"},"primaryImageOfPage":{"@id":"https:\/\/www.bs-conseils.fr\/index.php\/2020\/10\/31\/la-logistique-urbaine-face-aux-defis-economiques-et-environnementaux\/#primaryimage"},"image":{"@id":"https:\/\/www.bs-conseils.fr\/index.php\/2020\/10\/31\/la-logistique-urbaine-face-aux-defis-economiques-et-environnementaux\/#primaryimage"},"thumbnailUrl":"https:\/\/i0.wp.com\/www.bs-conseils.fr\/wp-content\/uploads\/2020\/10\/Capture-de%CC%81cran-2020-10-31-a%CC%80-22.16.25.png?fit=2348%2C1426&ssl=1","datePublished":"2020-10-31T21:47:00+00:00","dateModified":"2020-10-31T21:47:06+00:00","description":"La logistique urbaine face aux d\u00e9fis \u00e9conomiques et environnementaux. Livre blanc publi\u00e9 par FM Logistique et le cabinet de conseil Roland Berger.","breadcrumb":{"@id":"https:\/\/www.bs-conseils.fr\/index.php\/2020\/10\/31\/la-logistique-urbaine-face-aux-defis-economiques-et-environnementaux\/#breadcrumb"},"inLanguage":"fr-FR","potentialAction":[{"@type":"ReadAction","target":["https:\/\/www.bs-conseils.fr\/index.php\/2020\/10\/31\/la-logistique-urbaine-face-aux-defis-economiques-et-environnementaux\/"]}]},{"@type":"ImageObject","inLanguage":"fr-FR","@id":"https:\/\/www.bs-conseils.fr\/index.php\/2020\/10\/31\/la-logistique-urbaine-face-aux-defis-economiques-et-environnementaux\/#primaryimage","url":"https:\/\/i0.wp.com\/www.bs-conseils.fr\/wp-content\/uploads\/2020\/10\/Capture-de%CC%81cran-2020-10-31-a%CC%80-22.16.25.png?fit=2348%2C1426&ssl=1","contentUrl":"https:\/\/i0.wp.com\/www.bs-conseils.fr\/wp-content\/uploads\/2020\/10\/Capture-de%CC%81cran-2020-10-31-a%CC%80-22.16.25.png?fit=2348%2C1426&ssl=1","width":2348,"height":1426},{"@type":"BreadcrumbList","@id":"https:\/\/www.bs-conseils.fr\/index.php\/2020\/10\/31\/la-logistique-urbaine-face-aux-defis-economiques-et-environnementaux\/#breadcrumb","itemListElement":[{"@type":"ListItem","position":1,"name":"Accueil","item":"https:\/\/www.bs-conseils.fr\/"},{"@type":"ListItem","position":2,"name":"La logistique urbaine face aux d\u00e9fis \u00e9conomiques et environnementaux"}]},{"@type":"WebSite","@id":"https:\/\/www.bs-conseils.fr\/#website","url":"https:\/\/www.bs-conseils.fr\/","name":"BUSINESS STRAT\u00c9GIE CONSEILS","description":"Conseils en strat\u00e9gie dernier kilom\u00e8tre et logistique urbaine omnicanale dans les secteurs du E-commerce, du Retail et du Transport \u00e9coresponsable","publisher":{"@id":"https:\/\/www.bs-conseils.fr\/#organization"},"potentialAction":[{"@type":"SearchAction","target":{"@type":"EntryPoint","urlTemplate":"https:\/\/www.bs-conseils.fr\/?s={search_term_string}"},"query-input":{"@type":"PropertyValueSpecification","valueRequired":true,"valueName":"search_term_string"}}],"inLanguage":"fr-FR"},{"@type":"Organization","@id":"https:\/\/www.bs-conseils.fr\/#organization","name":"BUSINESS STRAT\u00c9GIE CONSEILS","url":"https:\/\/www.bs-conseils.fr\/","logo":{"@type":"ImageObject","inLanguage":"fr-FR","@id":"https:\/\/www.bs-conseils.fr\/#\/schema\/logo\/image\/","url":"https:\/\/i0.wp.com\/www.bs-conseils.fr\/wp-content\/uploads\/2020\/07\/image.jpg?fit=640%2C640&ssl=1","contentUrl":"https:\/\/i0.wp.com\/www.bs-conseils.fr\/wp-content\/uploads\/2020\/07\/image.jpg?fit=640%2C640&ssl=1","width":640,"height":640,"caption":"BUSINESS STRAT\u00c9GIE CONSEILS"},"image":{"@id":"https:\/\/www.bs-conseils.fr\/#\/schema\/logo\/image\/"},"sameAs":["https:\/\/www.facebook.com\/BusinessStrategieConseils\/","https:\/\/x.com\/brunosanlaville","https:\/\/www.instagram.com\/bsc_conseils\/","https:\/\/www.linkedin.com\/company\/11130594\/"]},{"@type":"Person","@id":"https:\/\/www.bs-conseils.fr\/#\/schema\/person\/2eed1f901efa9089d23002098472379a","name":"Bruno Sanlaville","image":{"@type":"ImageObject","inLanguage":"fr-FR","@id":"https:\/\/www.bs-conseils.fr\/#\/schema\/person\/image\/","url":"https:\/\/secure.gravatar.com\/avatar\/e4457440688fc10c2e14e0aefc093595f10c2482f2543d7e257108408c94786b?s=96&d=mm&r=g","contentUrl":"https:\/\/secure.gravatar.com\/avatar\/e4457440688fc10c2e14e0aefc093595f10c2482f2543d7e257108408c94786b?s=96&d=mm&r=g","caption":"Bruno Sanlaville"},"sameAs":["http:\/\/www.bs-conseils.fr","https:\/\/www.facebook.com\/BusinessStrategieConseils\/","https:\/\/x.com\/brunosanlaville"]}]}},"jetpack_publicize_connections":[],"jetpack_featured_media_url":"https:\/\/i0.wp.com\/www.bs-conseils.fr\/wp-content\/uploads\/2020\/10\/Capture-de%CC%81cran-2020-10-31-a%CC%80-22.16.25.png?fit=2348%2C1426&ssl=1","jetpack_sharing_enabled":true,"jetpack_shortlink":"https:\/\/wp.me\/p8OKKa-1pi","jetpack_likes_enabled":true,"jetpack-related-posts":[{"id":5452,"url":"https:\/\/www.bs-conseils.fr\/index.php\/2021\/02\/03\/transporteurs-logisticiens-font-tourner-votre-ville-au-quotidien\/","url_meta":{"origin":5412,"position":0},"title":"Transporteurs &#038; Logisticiens font tourner votre ville au quotidien !","author":"Bruno Sanlaville","date":"3 f\u00e9vrier 2021","format":false,"excerpt":"TLF lance un Manifeste pour sensibiliser les collectivit\u00e9s \u00e0 la #logistiqueUrbaine en la pensant comme une composante centrale de la politique d\u2019am\u00e9nagement de la ville.","rel":"","context":"Dans &quot;Actualit\u00e9&quot;","block_context":{"text":"Actualit\u00e9","link":"https:\/\/www.bs-conseils.fr\/index.php\/category\/actualite\/"},"img":{"alt_text":"Bruno Sanlaville BSC Business Strat\u00e9gie Conseils - Dernier kilom\u00e8tre E-commerce et Retail bs-conseils.fr","src":"https:\/\/i0.wp.com\/www.bs-conseils.fr\/wp-content\/uploads\/2021\/02\/Capture-de%CC%81cran-2021-02-03-a%CC%80-23.09.23.png?fit=1200%2C675&ssl=1&resize=350%2C200","width":350,"height":200,"srcset":"https:\/\/i0.wp.com\/www.bs-conseils.fr\/wp-content\/uploads\/2021\/02\/Capture-de%CC%81cran-2021-02-03-a%CC%80-23.09.23.png?fit=1200%2C675&ssl=1&resize=350%2C200 1x, https:\/\/i0.wp.com\/www.bs-conseils.fr\/wp-content\/uploads\/2021\/02\/Capture-de%CC%81cran-2021-02-03-a%CC%80-23.09.23.png?fit=1200%2C675&ssl=1&resize=525%2C300 1.5x, https:\/\/i0.wp.com\/www.bs-conseils.fr\/wp-content\/uploads\/2021\/02\/Capture-de%CC%81cran-2021-02-03-a%CC%80-23.09.23.png?fit=1200%2C675&ssl=1&resize=700%2C400 2x, https:\/\/i0.wp.com\/www.bs-conseils.fr\/wp-content\/uploads\/2021\/02\/Capture-de%CC%81cran-2021-02-03-a%CC%80-23.09.23.png?fit=1200%2C675&ssl=1&resize=1050%2C600 3x"},"classes":[]},{"id":3721,"url":"https:\/\/www.bs-conseils.fr\/index.php\/2019\/05\/18\/logistique-urbaine-quels-defis-pour-les-e-commercants\/","url_meta":{"origin":5412,"position":1},"title":"LOGISTIQUE URBAINE : QUELS D\u00c9FIS POUR LES E-COMMER\u00c7ANTS ?","author":"Bruno Sanlaville","date":"18 mai 2019","format":false,"excerpt":"LOGISTIQUE URBAINE : QUELS D\u00c9FIS POUR LES E-COMMER\u00c7ANTS ? Article du blog de @RAJA_Emballages avec la participation de @LibeskindJerome @nicobreuil (@Stuart_Delivery) et moi (@VertChezVous). Merci \u00e0 @raja \ud83d\ude4fet @gaeloizel #Livraison #Ecommerce #DernierKM","rel":"","context":"Dans &quot;E-commerce&quot;","block_context":{"text":"E-commerce","link":"https:\/\/www.bs-conseils.fr\/index.php\/category\/e-commerce\/"},"img":{"alt_text":"","src":"https:\/\/i0.wp.com\/www.bs-conseils.fr\/wp-content\/uploads\/2019\/05\/autoroute.jpeg?fit=960%2C719&ssl=1&resize=350%2C200","width":350,"height":200,"srcset":"https:\/\/i0.wp.com\/www.bs-conseils.fr\/wp-content\/uploads\/2019\/05\/autoroute.jpeg?fit=960%2C719&ssl=1&resize=350%2C200 1x, https:\/\/i0.wp.com\/www.bs-conseils.fr\/wp-content\/uploads\/2019\/05\/autoroute.jpeg?fit=960%2C719&ssl=1&resize=525%2C300 1.5x, https:\/\/i0.wp.com\/www.bs-conseils.fr\/wp-content\/uploads\/2019\/05\/autoroute.jpeg?fit=960%2C719&ssl=1&resize=700%2C400 2x"},"classes":[]},{"id":4012,"url":"https:\/\/www.bs-conseils.fr\/index.php\/2020\/03\/05\/les-idees-recues-sur-la-logistique-urbaine\/","url_meta":{"origin":5412,"position":2},"title":"Les id\u00e9es re\u00e7ues sur la logistique urbaine","author":"Bruno Sanlaville","date":"5 mars 2020","format":false,"excerpt":"5\ufe0f\u20e3 id\u00e9es re\u00e7ues sur la logistique urbaine. Les v\u00e9hicule \u00e9lectrique, les embouteillages, l'environnement, les camions vs utilitaires... les r\u00e9ponses en claires :","rel":"","context":"Dans &quot;Actualit\u00e9&quot;","block_context":{"text":"Actualit\u00e9","link":"https:\/\/www.bs-conseils.fr\/index.php\/category\/actualite\/"},"img":{"alt_text":"","src":"https:\/\/i0.wp.com\/www.bs-conseils.fr\/wp-content\/uploads\/2020\/03\/liv-centre-ville.jpg?fit=1024%2C576&ssl=1&resize=350%2C200","width":350,"height":200,"srcset":"https:\/\/i0.wp.com\/www.bs-conseils.fr\/wp-content\/uploads\/2020\/03\/liv-centre-ville.jpg?fit=1024%2C576&ssl=1&resize=350%2C200 1x, https:\/\/i0.wp.com\/www.bs-conseils.fr\/wp-content\/uploads\/2020\/03\/liv-centre-ville.jpg?fit=1024%2C576&ssl=1&resize=525%2C300 1.5x, https:\/\/i0.wp.com\/www.bs-conseils.fr\/wp-content\/uploads\/2020\/03\/liv-centre-ville.jpg?fit=1024%2C576&ssl=1&resize=700%2C400 2x"},"classes":[]},{"id":5379,"url":"https:\/\/www.bs-conseils.fr\/index.php\/2020\/10\/05\/le-marche-de-la-logistique-urbaine-en-france\/","url_meta":{"origin":5412,"position":3},"title":"Le march\u00e9 de la logistique Urbaine en France","author":"Bruno Sanlaville","date":"5 octobre 2020","format":false,"excerpt":"Les chiffres cl\u00e9s du march\u00e9 de la logistique urbaine en France, du premier au dernier kilom\u00e8tre #LogistiqueUrbaine #DernierKM #PremierKM #Infographie","rel":"","context":"Dans &quot;Actualit\u00e9&quot;","block_context":{"text":"Actualit\u00e9","link":"https:\/\/www.bs-conseils.fr\/index.php\/category\/actualite\/"},"img":{"alt_text":"","src":"https:\/\/i0.wp.com\/www.bs-conseils.fr\/wp-content\/uploads\/2020\/10\/citylog.jpg?fit=1080%2C675&ssl=1&resize=350%2C200","width":350,"height":200,"srcset":"https:\/\/i0.wp.com\/www.bs-conseils.fr\/wp-content\/uploads\/2020\/10\/citylog.jpg?fit=1080%2C675&ssl=1&resize=350%2C200 1x, https:\/\/i0.wp.com\/www.bs-conseils.fr\/wp-content\/uploads\/2020\/10\/citylog.jpg?fit=1080%2C675&ssl=1&resize=525%2C300 1.5x, https:\/\/i0.wp.com\/www.bs-conseils.fr\/wp-content\/uploads\/2020\/10\/citylog.jpg?fit=1080%2C675&ssl=1&resize=700%2C400 2x, https:\/\/i0.wp.com\/www.bs-conseils.fr\/wp-content\/uploads\/2020\/10\/citylog.jpg?fit=1080%2C675&ssl=1&resize=1050%2C600 3x"},"classes":[]},{"id":5512,"url":"https:\/\/www.bs-conseils.fr\/index.php\/2021\/05\/09\/le-plan-national-pour-la-cyclo-logistique\/","url_meta":{"origin":5412,"position":4},"title":"Le plan national pour la cyclo-logistique","author":"Bruno Sanlaville","date":"9 mai 2021","format":false,"excerpt":"Le minist\u00e8re de la transition \u00e9cologique a pr\u00e9sent\u00e9 un plan national pour le d\u00e9veloppement de la cyclo-logistique et pour r\u00e9duire les \u00e9missions de gaz \u00e0 effet de serre (GES) issus du transport de marchandises.","rel":"","context":"Dans &quot;Actualit\u00e9&quot;","block_context":{"text":"Actualit\u00e9","link":"https:\/\/www.bs-conseils.fr\/index.php\/category\/actualite\/"},"img":{"alt_text":"","src":"https:\/\/i0.wp.com\/www.bs-conseils.fr\/wp-content\/uploads\/2021\/05\/cargocycle-URBY.jpeg?fit=885%2C500&ssl=1&resize=350%2C200","width":350,"height":200,"srcset":"https:\/\/i0.wp.com\/www.bs-conseils.fr\/wp-content\/uploads\/2021\/05\/cargocycle-URBY.jpeg?fit=885%2C500&ssl=1&resize=350%2C200 1x, https:\/\/i0.wp.com\/www.bs-conseils.fr\/wp-content\/uploads\/2021\/05\/cargocycle-URBY.jpeg?fit=885%2C500&ssl=1&resize=525%2C300 1.5x, https:\/\/i0.wp.com\/www.bs-conseils.fr\/wp-content\/uploads\/2021\/05\/cargocycle-URBY.jpeg?fit=885%2C500&ssl=1&resize=700%2C400 2x"},"classes":[]},{"id":3912,"url":"https:\/\/www.bs-conseils.fr\/index.php\/2019\/12\/21\/bruno-sanlaville-ou-la-passion-de-la-logistique-du-dernier-kilometre\/","url_meta":{"origin":5412,"position":5},"title":"Bruno Sanlaville, ou la passion de la logistique du dernier kilom\u00e8tre","author":"Bruno Sanlaville","date":"21 d\u00e9cembre 2019","format":false,"excerpt":"Bruno Sanlaville, ou la passion de la logistique du dernier kilom\u00e8tre. Parcours professionnel d'un sp\u00e9cialiste de la livraison du dernier kilom\u00e8tre.","rel":"","context":"Dans &quot;Actualit\u00e9&quot;","block_context":{"text":"Actualit\u00e9","link":"https:\/\/www.bs-conseils.fr\/index.php\/category\/actualite\/"},"img":{"alt_text":"","src":"https:\/\/i0.wp.com\/www.bs-conseils.fr\/wp-content\/uploads\/2019\/12\/logistique-dernier-kilometre-bruno-sanlaville.jpg?fit=1200%2C600&ssl=1&resize=350%2C200","width":350,"height":200,"srcset":"https:\/\/i0.wp.com\/www.bs-conseils.fr\/wp-content\/uploads\/2019\/12\/logistique-dernier-kilometre-bruno-sanlaville.jpg?fit=1200%2C600&ssl=1&resize=350%2C200 1x, https:\/\/i0.wp.com\/www.bs-conseils.fr\/wp-content\/uploads\/2019\/12\/logistique-dernier-kilometre-bruno-sanlaville.jpg?fit=1200%2C600&ssl=1&resize=525%2C300 1.5x, https:\/\/i0.wp.com\/www.bs-conseils.fr\/wp-content\/uploads\/2019\/12\/logistique-dernier-kilometre-bruno-sanlaville.jpg?fit=1200%2C600&ssl=1&resize=700%2C400 2x, https:\/\/i0.wp.com\/www.bs-conseils.fr\/wp-content\/uploads\/2019\/12\/logistique-dernier-kilometre-bruno-sanlaville.jpg?fit=1200%2C600&ssl=1&resize=1050%2C600 3x"},"classes":[]}],"amp_enabled":true,"_links":{"self":[{"href":"https:\/\/www.bs-conseils.fr\/index.php\/wp-json\/wp\/v2\/posts\/5412","targetHints":{"allow":["GET"]}}],"collection":[{"href":"https:\/\/www.bs-conseils.fr\/index.php\/wp-json\/wp\/v2\/posts"}],"about":[{"href":"https:\/\/www.bs-conseils.fr\/index.php\/wp-json\/wp\/v2\/types\/post"}],"author":[{"embeddable":true,"href":"https:\/\/www.bs-conseils.fr\/index.php\/wp-json\/wp\/v2\/users\/1"}],"replies":[{"embeddable":true,"href":"https:\/\/www.bs-conseils.fr\/index.php\/wp-json\/wp\/v2\/comments?post=5412"}],"version-history":[{"count":6,"href":"https:\/\/www.bs-conseils.fr\/index.php\/wp-json\/wp\/v2\/posts\/5412\/revisions"}],"predecessor-version":[{"id":5420,"href":"https:\/\/www.bs-conseils.fr\/index.php\/wp-json\/wp\/v2\/posts\/5412\/revisions\/5420"}],"wp:featuredmedia":[{"embeddable":true,"href":"https:\/\/www.bs-conseils.fr\/index.php\/wp-json\/wp\/v2\/media\/5415"}],"wp:attachment":[{"href":"https:\/\/www.bs-conseils.fr\/index.php\/wp-json\/wp\/v2\/media?parent=5412"}],"wp:term":[{"taxonomy":"category","embeddable":true,"href":"https:\/\/www.bs-conseils.fr\/index.php\/wp-json\/wp\/v2\/categories?post=5412"},{"taxonomy":"post_tag","embeddable":true,"href":"https:\/\/www.bs-conseils.fr\/index.php\/wp-json\/wp\/v2\/tags?post=5412"}],"curies":[{"name":"wp","href":"https:\/\/api.w.org\/{rel}","templated":true}]}}